{"id":2159,"date":"2026-01-17T14:52:12","date_gmt":"2026-01-17T17:52:12","guid":{"rendered":"https:\/\/www.prayandfaith.com\/?p=2159"},"modified":"2025-12-14T14:54:04","modified_gmt":"2025-12-14T17:54:04","slug":"una-oracion-para-cuando-la-ansiedad-impide-que-el-corazon-descanse","status":"publish","type":"post","link":"https:\/\/www.prayandfaith.com\/es\/uma-oracao-para-quando-a-ansiedade-nao-deixa-o-coracao-descansar\/","title":{"rendered":"Una oraci\u00f3n para cuando la ansiedad impide que el coraz\u00f3n descanse."},"content":{"rendered":"<p>La ansiedad no siempre llega de golpe. A veces se instala silenciosamente, ocupando los pensamientos, acelerando el coraz\u00f3n y robando la capacidad de descansar, incluso cuando el cuerpo descansa. La mente no se desconecta, los escenarios se repiten y el futuro parece demasiado pesado para llevarlo solo.<\/p>\n\n\n\n<p>En estos momentos, orar no se trata de intentar convencer a Dios de que lo resuelva todo r\u00e1pidamente. Se trata de buscar refugio. Se trata de reconocer las limitaciones. Se trata de admitir que el control se te ha escapado de las manos y que tu coraz\u00f3n necesita paz antes que respuestas.<\/p>\n\n\n\n<p>Esta oraci\u00f3n fue escrita para aquellos d\u00edas en que la ansiedad aprieta su garra, el pecho se siente pesado y el alma anhela calma.<\/p>\n\n\n\n<h2 class=\"wp-block-heading\">La ansiedad no es falta de fe.<\/h2>\n\n\n\n<p>Existe la peligrosa idea err\u00f3nea de que la ansiedad es se\u00f1al de una fe d\u00e9bil. Esta idea hiere, a\u00edsla e impide que muchas personas se acerquen a Dios precisamente cuando m\u00e1s lo necesitan. La ansiedad es una respuesta humana al miedo, la incertidumbre y la excesiva responsabilidad emocional.<\/p>\n\n\n\n<p>Tener fe no significa ser inmune a la ansiedad. Significa tener un lugar adonde llevarla cuando surge. La oraci\u00f3n no niega lo que sentimos; lo acoge y lo redirige.<\/p>\n\n\n\n<h2 class=\"wp-block-heading\">Cuando la mente corre m\u00e1s r\u00e1pido que el coraz\u00f3n.<\/h2>\n\n\n\n<p>La ansiedad suele vivir en el futuro. Anticipa problemas, crea escenarios e intenta predecirlo todo para evitar el dolor. El problema es que este intento de protecci\u00f3n acaba generando m\u00e1s estr\u00e9s que seguridad.<\/p>\n\n\n\n<p>Orar en medio de la ansiedad no se trata de silenciar la mente a la fuerza, sino de permitir que el coraz\u00f3n encuentre un lugar de descanso. Se trata de cambiar el peso del &quot;\u00bfy si...?&quot; por la confianza de que no estamos solos en el proceso.<\/p>\n\n\n\n<h2 class=\"wp-block-heading\">Una oraci\u00f3n para los momentos de ansiedad.<\/h2>\n\n\n\n<blockquote class=\"wp-block-quote is-layout-flow wp-block-quote-is-layout-flow\">\n<p>**Dios,<br>Mi coraz\u00f3n est\u00e1 inquieto hoy.<br>Mis pensamientos est\u00e1n acelerados.<br>y me resulta dif\u00edcil descansar,<br>Incluso cuando todo alrededor parece silencioso.<\/p>\n\n\n\n<p>El Se\u00f1or conoce cada miedo que pasa por mi mente.,<br>Toda preocupaci\u00f3n que a\u00fan no he podido organizar.<br>Por eso ahora lo pongo delante de Ti.<br>Todo lo que me ha robado la paz.<\/p>\n\n\n\n<p>Calma mi yo interior.<br>Reduce el ruido de los pensamientos repetitivos.<br>Ens\u00e9\u00f1ame a confiar incluso cuando no tengo el control.<\/p>\n\n\n\n<p>Ay\u00fadame a vivir un d\u00eda a la vez.,<br>sin cargar con cargas que a\u00fan no han llegado.<br>Conc\u00e9deme la serenidad para aceptar las cosas que no puedo cambiar.<br>y sabidur\u00eda para afrontar lo que est\u00e1 a mi alcance.<\/p>\n\n\n\n<p>Te entrego mi miedo al futuro.<br>Y encuentro paz en la certeza de que no estoy solo.<\/p>\n\n\n\n<p>Am\u00e9n.**<\/p>\n<\/blockquote>\n\n\n\n<h2 class=\"wp-block-heading\">La oraci\u00f3n como lugar de arraigo.<\/h2>\n\n\n\n<p>En momentos de ansiedad, la oraci\u00f3n act\u00faa como un estabilizador emocional. Regresa a la persona al presente, al ahora. No lo resuelve todo de inmediato, pero crea espacio para respirar, organizar los pensamientos y reducir la sensaci\u00f3n de amenaza constante.<\/p>\n\n\n\n<p>Este efecto no proviene de palabras m\u00e1gicas, sino de una sincera apertura. Cuando la ansiedad se presenta con honestidad, pierde parte del poder que ejerce silenciosamente.<\/p>\n\n\n\n<h2 class=\"wp-block-heading\">No apresures el proceso de sentir paz.<\/h2>\n\n\n\n<p>Mucha gente reza con la esperanza de que la ansiedad desaparezca al instante. Cuando eso no sucede, surge la frustraci\u00f3n. Es importante recordar que la paz no es la ausencia inmediata de ansiedad, sino la presencia de apoyo durante ella.<\/p>\n\n\n\n<p>A veces, la paz llega como un alivio gradual. Otras veces, como la fuerza para superar el momento sin desmoronarse. Ambas son respuestas v\u00e1lidas.<\/p>\n\n\n\n<h2 class=\"wp-block-heading\">C\u00f3mo utilizar esta oraci\u00f3n en momentos dif\u00edciles.<\/h2>\n\n\n\n<p>Puedes utilizar esta oraci\u00f3n:<\/p>\n\n\n\n<ul class=\"wp-block-list\">\n<li>Antes de dormir, cuando la mente no se ralentiza.<\/li>\n\n\n\n<li>Despertar ya sintiendo el peso del d\u00eda.<\/li>\n\n\n\n<li>Durante ataques de ansiedad leves o moderados<\/li>\n\n\n\n<li>Como punto de partida para un momento de silencio.<\/li>\n<\/ul>\n\n\n\n<p>No necesitas repetirlo mec\u00e1nicamente. Lee con calma, haz pausas y deja que las palabras fluyan con tu respiraci\u00f3n.<\/p>\n\n\n\n<h2 class=\"wp-block-heading\">Renunciar no es rendirse.<\/h2>\n\n\n\n<p>Entregar la ansiedad a Dios no significa abandonar responsabilidades ni ignorar asuntos pr\u00e1cticos. Significa reconocer que no todo se puede llevar solo. La fe no reemplaza el apoyo emocional o profesional cuando se necesita, pero ofrece un espacio seguro de refugio.<\/p>\n\n\n\n<p>Dios no teme tu ansiedad. No exige que est\u00e9s tranquilo para acercarte a \u00e9l. Se acerca precisamente cuando tu coraz\u00f3n est\u00e1 inquieto.<\/p>\n\n\n\n<h2 class=\"wp-block-heading\">Una invitaci\u00f3n al descanso interior.<\/h2>\n\n\n\n<p>Si la ansiedad est\u00e1 presente hoy, no la combatas solo. S\u00e1cala a la luz. N\u00f3mbrala. Lib\u00e9rala. Aunque la paz llegue poco a poco, cada peque\u00f1o alivio ya es una se\u00f1al de cari\u00f1o.<\/p>\n\n\n\n<p>No necesitas controlarlo todo para estar en paz. A veces, la oraci\u00f3n es solo un suspiro sincero que dice: \u201cNecesito ayuda\u201d. Y eso es suficiente.<\/p>","protected":false},"excerpt":{"rendered":"<p>La ansiedad no siempre llega con fuerza. A veces se instala silenciosamente, ocupando los pensamientos, acelerando el coraz\u00f3n y robando la capacidad de descansar, incluso cuando el cuerpo est\u00e1 quieto. La mente no se desconecta, los escenarios se repiten y el futuro parece demasiado pesado para llevarlo solo. En estos momentos, rezar no es un esfuerzo...&nbsp;<\/p>","protected":false},"author":1,"featured_media":2160,"comment_status":"open","ping_status":"open","sticky":false,"template":"","format":"standard","meta":{"neve_meta_sidebar":"","neve_meta_container":"","neve_meta_enable_content_width":"","neve_meta_content_width":0,"neve_meta_title_alignment":"","neve_meta_author_avatar":"","neve_post_elements_order":"","neve_meta_disable_header":"","neve_meta_disable_footer":"","neve_meta_disable_title":"","footnotes":""},"categories":[6],"tags":[],"class_list":["post-2159","post","type-post","status-publish","format-standard","has-post-thumbnail","hentry","category-oracao"],"yoast_head":"<!-- This site is optimized with the Yoast SEO plugin v27.5 - https:\/\/yoast.com\/product\/yoast-seo-wordpress\/ -->\n<title>Uma ora\u00e7\u00e3o para quando a ansiedade n\u00e3o deixa o cora\u00e7\u00e3o descansar - Ora\u00e7\u00e3o e F\u00e9<\/title>\n<meta name=\"robots\" content=\"index, follow, max-snippet:-1, max-image-preview:large, max-video-preview:-1\" \/>\n<link rel=\"canonical\" href=\"https:\/\/www.prayandfaith.com\/es\/una-oracion-para-cuando-la-ansiedad-impide-que-el-corazon-descanse\/\" \/>\n<meta property=\"og:locale\" content=\"es_ES\" \/>\n<meta property=\"og:type\" content=\"article\" \/>\n<meta property=\"og:title\" content=\"Uma ora\u00e7\u00e3o para quando a ansiedade n\u00e3o deixa o cora\u00e7\u00e3o descansar - Ora\u00e7\u00e3o e F\u00e9\" \/>\n<meta property=\"og:description\" content=\"A ansiedade nem sempre chega fazendo barulho. \u00c0s vezes ela se instala em sil\u00eancio, ocupando pensamentos, acelerando o cora\u00e7\u00e3o e roubando a capacidade de descansar, mesmo quando o corpo est\u00e1 parado. A mente n\u00e3o desliga, os cen\u00e1rios se repetem e o futuro parece pesado demais para ser carregado sozinho. Nesses momentos, orar n\u00e3o \u00e9 tentar&hellip;&nbsp;\" \/>\n<meta property=\"og:url\" content=\"https:\/\/www.prayandfaith.com\/es\/una-oracion-para-cuando-la-ansiedad-impide-que-el-corazon-descanse\/\" \/>\n<meta property=\"og:site_name\" content=\"Ora\u00e7\u00e3o e F\u00e9\" \/>\n<meta property=\"article:published_time\" content=\"2026-01-17T17:52:12+00:00\" \/>\n<meta property=\"og:image\" content=\"https:\/\/www.prayandfaith.com\/wp-content\/uploads\/2025\/12\/oracao-ansiedade.webp\" \/>\n\t<meta property=\"og:image:width\" content=\"1792\" \/>\n\t<meta property=\"og:image:height\" content=\"1024\" \/>\n\t<meta property=\"og:image:type\" content=\"image\/webp\" \/>\n<meta name=\"author\" content=\"Ana\" \/>\n<meta name=\"twitter:card\" content=\"summary_large_image\" \/>\n<meta name=\"twitter:label1\" content=\"Escrito por\" \/>\n\t<meta name=\"twitter:data1\" content=\"Ana\" \/>\n\t<meta name=\"twitter:label2\" content=\"Tiempo de lectura\" \/>\n\t<meta name=\"twitter:data2\" content=\"4 minutos\" \/>\n<script type=\"application\/ld+json\" class=\"yoast-schema-graph\">{\"@context\":\"https:\\\/\\\/schema.org\",\"@graph\":[{\"@type\":\"Article\",\"@id\":\"https:\\\/\\\/www.prayandfaith.com\\\/uma-oracao-para-quando-a-ansiedade-nao-deixa-o-coracao-descansar\\\/#article\",\"isPartOf\":{\"@id\":\"https:\\\/\\\/www.prayandfaith.com\\\/uma-oracao-para-quando-a-ansiedade-nao-deixa-o-coracao-descansar\\\/\"},\"author\":{\"name\":\"Ana\",\"@id\":\"https:\\\/\\\/www.prayandfaith.com\\\/#\\\/schema\\\/person\\\/a082382ad454f9576c1c5bf62649387c\"},\"headline\":\"Uma ora\u00e7\u00e3o para quando a ansiedade n\u00e3o deixa o cora\u00e7\u00e3o descansar\",\"datePublished\":\"2026-01-17T17:52:12+00:00\",\"mainEntityOfPage\":{\"@id\":\"https:\\\/\\\/www.prayandfaith.com\\\/uma-oracao-para-quando-a-ansiedade-nao-deixa-o-coracao-descansar\\\/\"},\"wordCount\":797,\"commentCount\":0,\"publisher\":{\"@id\":\"https:\\\/\\\/www.prayandfaith.com\\\/#organization\"},\"image\":{\"@id\":\"https:\\\/\\\/www.prayandfaith.com\\\/uma-oracao-para-quando-a-ansiedade-nao-deixa-o-coracao-descansar\\\/#primaryimage\"},\"thumbnailUrl\":\"https:\\\/\\\/www.prayandfaith.com\\\/wp-content\\\/uploads\\\/2025\\\/12\\\/oracao-ansiedade.webp\",\"articleSection\":[\"Ora\u00e7\u00f5es e Mensagens\"],\"inLanguage\":\"es\",\"potentialAction\":[{\"@type\":\"CommentAction\",\"name\":\"Comment\",\"target\":[\"https:\\\/\\\/www.prayandfaith.com\\\/uma-oracao-para-quando-a-ansiedade-nao-deixa-o-coracao-descansar\\\/#respond\"]}]},{\"@type\":\"WebPage\",\"@id\":\"https:\\\/\\\/www.prayandfaith.com\\\/uma-oracao-para-quando-a-ansiedade-nao-deixa-o-coracao-descansar\\\/\",\"url\":\"https:\\\/\\\/www.prayandfaith.com\\\/uma-oracao-para-quando-a-ansiedade-nao-deixa-o-coracao-descansar\\\/\",\"name\":\"Uma ora\u00e7\u00e3o para quando a ansiedade n\u00e3o deixa o cora\u00e7\u00e3o descansar - Ora\u00e7\u00e3o e F\u00e9\",\"isPartOf\":{\"@id\":\"https:\\\/\\\/www.prayandfaith.com\\\/#website\"},\"primaryImageOfPage\":{\"@id\":\"https:\\\/\\\/www.prayandfaith.com\\\/uma-oracao-para-quando-a-ansiedade-nao-deixa-o-coracao-descansar\\\/#primaryimage\"},\"image\":{\"@id\":\"https:\\\/\\\/www.prayandfaith.com\\\/uma-oracao-para-quando-a-ansiedade-nao-deixa-o-coracao-descansar\\\/#primaryimage\"},\"thumbnailUrl\":\"https:\\\/\\\/www.prayandfaith.com\\\/wp-content\\\/uploads\\\/2025\\\/12\\\/oracao-ansiedade.webp\",\"datePublished\":\"2026-01-17T17:52:12+00:00\",\"breadcrumb\":{\"@id\":\"https:\\\/\\\/www.prayandfaith.com\\\/uma-oracao-para-quando-a-ansiedade-nao-deixa-o-coracao-descansar\\\/#breadcrumb\"},\"inLanguage\":\"es\",\"potentialAction\":[{\"@type\":\"ReadAction\",\"target\":[\"https:\\\/\\\/www.prayandfaith.com\\\/uma-oracao-para-quando-a-ansiedade-nao-deixa-o-coracao-descansar\\\/\"]}]},{\"@type\":\"ImageObject\",\"inLanguage\":\"es\",\"@id\":\"https:\\\/\\\/www.prayandfaith.com\\\/uma-oracao-para-quando-a-ansiedade-nao-deixa-o-coracao-descansar\\\/#primaryimage\",\"url\":\"https:\\\/\\\/www.prayandfaith.com\\\/wp-content\\\/uploads\\\/2025\\\/12\\\/oracao-ansiedade.webp\",\"contentUrl\":\"https:\\\/\\\/www.prayandfaith.com\\\/wp-content\\\/uploads\\\/2025\\\/12\\\/oracao-ansiedade.webp\",\"width\":1792,\"height\":1024},{\"@type\":\"BreadcrumbList\",\"@id\":\"https:\\\/\\\/www.prayandfaith.com\\\/uma-oracao-para-quando-a-ansiedade-nao-deixa-o-coracao-descansar\\\/#breadcrumb\",\"itemListElement\":[{\"@type\":\"ListItem\",\"position\":1,\"name\":\"In\u00edcio\",\"item\":\"https:\\\/\\\/www.prayandfaith.com\\\/\"},{\"@type\":\"ListItem\",\"position\":2,\"name\":\"Uma ora\u00e7\u00e3o para quando a ansiedade n\u00e3o deixa o cora\u00e7\u00e3o descansar\"}]},{\"@type\":\"WebSite\",\"@id\":\"https:\\\/\\\/www.prayandfaith.com\\\/#website\",\"url\":\"https:\\\/\\\/www.prayandfaith.com\\\/\",\"name\":\"PrayandFaith\",\"description\":\"O poder da Ora\u00e7\u00e3o e da F\u00e9\",\"publisher\":{\"@id\":\"https:\\\/\\\/www.prayandfaith.com\\\/#organization\"},\"potentialAction\":[{\"@type\":\"SearchAction\",\"target\":{\"@type\":\"EntryPoint\",\"urlTemplate\":\"https:\\\/\\\/www.prayandfaith.com\\\/?s={search_term_string}\"},\"query-input\":{\"@type\":\"PropertyValueSpecification\",\"valueRequired\":true,\"valueName\":\"search_term_string\"}}],\"inLanguage\":\"es\"},{\"@type\":\"Organization\",\"@id\":\"https:\\\/\\\/www.prayandfaith.com\\\/#organization\",\"name\":\"PrayandFaith\",\"url\":\"https:\\\/\\\/www.prayandfaith.com\\\/\",\"logo\":{\"@type\":\"ImageObject\",\"inLanguage\":\"es\",\"@id\":\"https:\\\/\\\/www.prayandfaith.com\\\/#\\\/schema\\\/logo\\\/image\\\/\",\"url\":\"https:\\\/\\\/www.prayandfaith.com\\\/wp-content\\\/uploads\\\/2025\\\/01\\\/cropped-pray-and-faith-1.jpg\",\"contentUrl\":\"https:\\\/\\\/www.prayandfaith.com\\\/wp-content\\\/uploads\\\/2025\\\/01\\\/cropped-pray-and-faith-1.jpg\",\"width\":400,\"height\":80,\"caption\":\"PrayandFaith\"},\"image\":{\"@id\":\"https:\\\/\\\/www.prayandfaith.com\\\/#\\\/schema\\\/logo\\\/image\\\/\"}},{\"@type\":\"Person\",\"@id\":\"https:\\\/\\\/www.prayandfaith.com\\\/#\\\/schema\\\/person\\\/a082382ad454f9576c1c5bf62649387c\",\"name\":\"Ana\",\"image\":{\"@type\":\"ImageObject\",\"inLanguage\":\"es\",\"@id\":\"https:\\\/\\\/secure.gravatar.com\\\/avatar\\\/f5efa58599e07f8dd92f26c7cfbc442fd115582bc681245452e503c2ef2334f3?s=96&d=mm&r=g\",\"url\":\"https:\\\/\\\/secure.gravatar.com\\\/avatar\\\/f5efa58599e07f8dd92f26c7cfbc442fd115582bc681245452e503c2ef2334f3?s=96&d=mm&r=g\",\"contentUrl\":\"https:\\\/\\\/secure.gravatar.com\\\/avatar\\\/f5efa58599e07f8dd92f26c7cfbc442fd115582bc681245452e503c2ef2334f3?s=96&d=mm&r=g\",\"caption\":\"Ana\"},\"description\":\"Sou estudante de p\u00f3s-gradua\u00e7\u00e3o em literatura, apaixonada por escrever, e hoje fa\u00e7o parte da equipe do Pray and Faith criando diversos tipos de conte\u00fado para ajud\u00e1-lo a elevar sua f\u00e9 no universo digital. Junte-se a n\u00f3s e aproveite sua leitura!\",\"sameAs\":[\"https:\\\/\\\/www.prayandfaith.com\"],\"url\":\"https:\\\/\\\/www.prayandfaith.com\\\/es\\\/author\\\/admin\\\/\"}]}<\/script>\n<!-- \/ Yoast SEO plugin. -->","yoast_head_json":{"title":"Una oraci\u00f3n para cuando la ansiedad impide que tu coraz\u00f3n descanse - Oraci\u00f3n y Fe","robots":{"index":"index","follow":"follow","max-snippet":"max-snippet:-1","max-image-preview":"max-image-preview:large","max-video-preview":"max-video-preview:-1"},"canonical":"https:\/\/www.prayandfaith.com\/es\/una-oracion-para-cuando-la-ansiedad-impide-que-el-corazon-descanse\/","og_locale":"es_ES","og_type":"article","og_title":"Uma ora\u00e7\u00e3o para quando a ansiedade n\u00e3o deixa o cora\u00e7\u00e3o descansar - Ora\u00e7\u00e3o e F\u00e9","og_description":"A ansiedade nem sempre chega fazendo barulho. \u00c0s vezes ela se instala em sil\u00eancio, ocupando pensamentos, acelerando o cora\u00e7\u00e3o e roubando a capacidade de descansar, mesmo quando o corpo est\u00e1 parado. A mente n\u00e3o desliga, os cen\u00e1rios se repetem e o futuro parece pesado demais para ser carregado sozinho. Nesses momentos, orar n\u00e3o \u00e9 tentar&hellip;&nbsp;","og_url":"https:\/\/www.prayandfaith.com\/es\/una-oracion-para-cuando-la-ansiedad-impide-que-el-corazon-descanse\/","og_site_name":"Ora\u00e7\u00e3o e F\u00e9","article_published_time":"2026-01-17T17:52:12+00:00","og_image":[{"width":1792,"height":1024,"url":"https:\/\/www.prayandfaith.com\/wp-content\/uploads\/2025\/12\/oracao-ansiedade.webp","type":"image\/webp"}],"author":"Ana","twitter_card":"summary_large_image","twitter_misc":{"Escrito por":"Ana","Tiempo de lectura":"4 minutos"},"schema":{"@context":"https:\/\/schema.org","@graph":[{"@type":"Article","@id":"https:\/\/www.prayandfaith.com\/uma-oracao-para-quando-a-ansiedade-nao-deixa-o-coracao-descansar\/#article","isPartOf":{"@id":"https:\/\/www.prayandfaith.com\/uma-oracao-para-quando-a-ansiedade-nao-deixa-o-coracao-descansar\/"},"author":{"name":"Ana","@id":"https:\/\/www.prayandfaith.com\/#\/schema\/person\/a082382ad454f9576c1c5bf62649387c"},"headline":"Uma ora\u00e7\u00e3o para quando a ansiedade n\u00e3o deixa o cora\u00e7\u00e3o descansar","datePublished":"2026-01-17T17:52:12+00:00","mainEntityOfPage":{"@id":"https:\/\/www.prayandfaith.com\/uma-oracao-para-quando-a-ansiedade-nao-deixa-o-coracao-descansar\/"},"wordCount":797,"commentCount":0,"publisher":{"@id":"https:\/\/www.prayandfaith.com\/#organization"},"image":{"@id":"https:\/\/www.prayandfaith.com\/uma-oracao-para-quando-a-ansiedade-nao-deixa-o-coracao-descansar\/#primaryimage"},"thumbnailUrl":"https:\/\/www.prayandfaith.com\/wp-content\/uploads\/2025\/12\/oracao-ansiedade.webp","articleSection":["Ora\u00e7\u00f5es e Mensagens"],"inLanguage":"es","potentialAction":[{"@type":"CommentAction","name":"Comment","target":["https:\/\/www.prayandfaith.com\/uma-oracao-para-quando-a-ansiedade-nao-deixa-o-coracao-descansar\/#respond"]}]},{"@type":"WebPage","@id":"https:\/\/www.prayandfaith.com\/uma-oracao-para-quando-a-ansiedade-nao-deixa-o-coracao-descansar\/","url":"https:\/\/www.prayandfaith.com\/uma-oracao-para-quando-a-ansiedade-nao-deixa-o-coracao-descansar\/","name":"Una oraci\u00f3n para cuando la ansiedad impide que tu coraz\u00f3n descanse - Oraci\u00f3n y Fe","isPartOf":{"@id":"https:\/\/www.prayandfaith.com\/#website"},"primaryImageOfPage":{"@id":"https:\/\/www.prayandfaith.com\/uma-oracao-para-quando-a-ansiedade-nao-deixa-o-coracao-descansar\/#primaryimage"},"image":{"@id":"https:\/\/www.prayandfaith.com\/uma-oracao-para-quando-a-ansiedade-nao-deixa-o-coracao-descansar\/#primaryimage"},"thumbnailUrl":"https:\/\/www.prayandfaith.com\/wp-content\/uploads\/2025\/12\/oracao-ansiedade.webp","datePublished":"2026-01-17T17:52:12+00:00","breadcrumb":{"@id":"https:\/\/www.prayandfaith.com\/uma-oracao-para-quando-a-ansiedade-nao-deixa-o-coracao-descansar\/#breadcrumb"},"inLanguage":"es","potentialAction":[{"@type":"ReadAction","target":["https:\/\/www.prayandfaith.com\/uma-oracao-para-quando-a-ansiedade-nao-deixa-o-coracao-descansar\/"]}]},{"@type":"ImageObject","inLanguage":"es","@id":"https:\/\/www.prayandfaith.com\/uma-oracao-para-quando-a-ansiedade-nao-deixa-o-coracao-descansar\/#primaryimage","url":"https:\/\/www.prayandfaith.com\/wp-content\/uploads\/2025\/12\/oracao-ansiedade.webp","contentUrl":"https:\/\/www.prayandfaith.com\/wp-content\/uploads\/2025\/12\/oracao-ansiedade.webp","width":1792,"height":1024},{"@type":"BreadcrumbList","@id":"https:\/\/www.prayandfaith.com\/uma-oracao-para-quando-a-ansiedade-nao-deixa-o-coracao-descansar\/#breadcrumb","itemListElement":[{"@type":"ListItem","position":1,"name":"In\u00edcio","item":"https:\/\/www.prayandfaith.com\/"},{"@type":"ListItem","position":2,"name":"Uma ora\u00e7\u00e3o para quando a ansiedade n\u00e3o deixa o cora\u00e7\u00e3o descansar"}]},{"@type":"WebSite","@id":"https:\/\/www.prayandfaith.com\/#website","url":"https:\/\/www.prayandfaith.com\/","name":"Oraci\u00f3n y fe","description":"El poder de la oraci\u00f3n y la fe","publisher":{"@id":"https:\/\/www.prayandfaith.com\/#organization"},"potentialAction":[{"@type":"SearchAction","target":{"@type":"EntryPoint","urlTemplate":"https:\/\/www.prayandfaith.com\/?s={search_term_string}"},"query-input":{"@type":"PropertyValueSpecification","valueRequired":true,"valueName":"search_term_string"}}],"inLanguage":"es"},{"@type":"Organization","@id":"https:\/\/www.prayandfaith.com\/#organization","name":"Oraci\u00f3n y fe","url":"https:\/\/www.prayandfaith.com\/","logo":{"@type":"ImageObject","inLanguage":"es","@id":"https:\/\/www.prayandfaith.com\/#\/schema\/logo\/image\/","url":"https:\/\/www.prayandfaith.com\/wp-content\/uploads\/2025\/01\/cropped-pray-and-faith-1.jpg","contentUrl":"https:\/\/www.prayandfaith.com\/wp-content\/uploads\/2025\/01\/cropped-pray-and-faith-1.jpg","width":400,"height":80,"caption":"PrayandFaith"},"image":{"@id":"https:\/\/www.prayandfaith.com\/#\/schema\/logo\/image\/"}},{"@type":"Person","@id":"https:\/\/www.prayandfaith.com\/#\/schema\/person\/a082382ad454f9576c1c5bf62649387c","name":"Enano","image":{"@type":"ImageObject","inLanguage":"es","@id":"https:\/\/secure.gravatar.com\/avatar\/f5efa58599e07f8dd92f26c7cfbc442fd115582bc681245452e503c2ef2334f3?s=96&d=mm&r=g","url":"https:\/\/secure.gravatar.com\/avatar\/f5efa58599e07f8dd92f26c7cfbc442fd115582bc681245452e503c2ef2334f3?s=96&d=mm&r=g","contentUrl":"https:\/\/secure.gravatar.com\/avatar\/f5efa58599e07f8dd92f26c7cfbc442fd115582bc681245452e503c2ef2334f3?s=96&d=mm&r=g","caption":"Ana"},"description":"Soy estudiante de posgrado en literatura, me apasiona escribir y hoy formo parte del equipo de Oraci\u00f3n y Fe, donde creo diversos tipos de contenido para ayudarte a fortalecer tu fe en el mundo digital. \u00a1\u00danete y disfruta de la lectura!","sameAs":["https:\/\/www.prayandfaith.com"],"url":"https:\/\/www.prayandfaith.com\/es\/author\/admin\/"}]}},"_links":{"self":[{"href":"https:\/\/www.prayandfaith.com\/es\/wp-json\/wp\/v2\/posts\/2159","targetHints":{"allow":["GET"]}}],"collection":[{"href":"https:\/\/www.prayandfaith.com\/es\/wp-json\/wp\/v2\/posts"}],"about":[{"href":"https:\/\/www.prayandfaith.com\/es\/wp-json\/wp\/v2\/types\/post"}],"author":[{"embeddable":true,"href":"https:\/\/www.prayandfaith.com\/es\/wp-json\/wp\/v2\/users\/1"}],"replies":[{"embeddable":true,"href":"https:\/\/www.prayandfaith.com\/es\/wp-json\/wp\/v2\/comments?post=2159"}],"version-history":[{"count":1,"href":"https:\/\/www.prayandfaith.com\/es\/wp-json\/wp\/v2\/posts\/2159\/revisions"}],"predecessor-version":[{"id":2161,"href":"https:\/\/www.prayandfaith.com\/es\/wp-json\/wp\/v2\/posts\/2159\/revisions\/2161"}],"wp:featuredmedia":[{"embeddable":true,"href":"https:\/\/www.prayandfaith.com\/es\/wp-json\/wp\/v2\/media\/2160"}],"wp:attachment":[{"href":"https:\/\/www.prayandfaith.com\/es\/wp-json\/wp\/v2\/media?parent=2159"}],"wp:term":[{"taxonomy":"category","embeddable":true,"href":"https:\/\/www.prayandfaith.com\/es\/wp-json\/wp\/v2\/categories?post=2159"},{"taxonomy":"post_tag","embeddable":true,"href":"https:\/\/www.prayandfaith.com\/es\/wp-json\/wp\/v2\/tags?post=2159"}],"curies":[{"name":"gracias","href":"https:\/\/api.w.org\/{rel}","templated":true}]}}