{"id":2138,"date":"2026-07-11T12:17:57","date_gmt":"2026-07-11T15:17:57","guid":{"rendered":"https:\/\/www.prayandfaith.com\/?p=2138"},"modified":"2025-12-14T12:24:36","modified_gmt":"2025-12-14T15:24:36","slug":"deuda-fe-y-responsabilidad-como-salir-de-las-deudas-de-forma-consciente","status":"publish","type":"post","link":"https:\/\/www.prayandfaith.com\/es\/dividas-fe-e-responsabilidade-como-sair-do-endividamento-com-consciencia\/","title":{"rendered":"Deuda, fe y responsabilidad: c\u00f3mo salir de las deudas de forma consciente."},"content":{"rendered":"<p class=\"wp-block-paragraph\">La deuda es una realidad para muchas personas. Aun as\u00ed, el tema suele estar rodeado de verg\u00fcenza, silencio y culpa. Para quienes tienen fe, esta carga puede ser a\u00fan mayor, ya que la deuda a menudo se interpreta como una falla moral, una falta de control o incluso una falta de espiritualidad. Esta interpretaci\u00f3n no ayuda; al contrario, paraliza.<\/p>\n\n\n\n<p class=\"wp-block-paragraph\">Salir de las deudas no es solo cuesti\u00f3n de matem\u00e1ticas. Es un proceso que implica responsabilidad, claridad emocional y un cambio de comportamiento. La fe, bien entendida, no genera culpa, sino que ayuda a tomar decisiones dif\u00edciles con mayor equilibrio. El camino para salir de las deudas comienza cuando el problema deja de ocultarse y se empieza a afrontar conscientemente.<\/p>\n\n\n\n<h2 class=\"wp-block-heading\">\u00bfPor qu\u00e9 las deudas se convierten en una carga emocional tan pesada?<\/h2>\n\n\n\n<p class=\"wp-block-paragraph\">Las deudas no solo afectan tu bolsillo. Afectan tu sue\u00f1o, tus relaciones y tu autoestima. La constante sensaci\u00f3n de deberle algo a alguien genera ansiedad y un estado de alerta permanente. Muchas personas viven as\u00ed durante a\u00f1os, intentando normalizar una presi\u00f3n que consume energ\u00eda mental a diario.<\/p>\n\n\n\n<p class=\"wp-block-paragraph\">Esta carga emocional suele derivar en dos comportamientos extremos: la negaci\u00f3n o la desesperaci\u00f3n. Algunos evitan afrontar el problema, otros buscan soluciones r\u00e1pidas y arriesgadas. Ninguna de las dos resuelve el problema. Reconocer el impacto emocional de la deuda es fundamental para encontrar una salida sostenible.<\/p>\n\n\n\n<h2 class=\"wp-block-heading\">El error de asociar la deuda con fallas morales.<\/h2>\n\n\n\n<p class=\"wp-block-paragraph\">Uno de los mayores obst\u00e1culos para salir de las deudas es la culpa excesiva. Aunque se hayan cometido errores, reducir la deuda a una cuesti\u00f3n moral bloquea el proceso de soluci\u00f3n. La culpa constante no genera responsabilidad; genera par\u00e1lisis.<\/p>\n\n\n\n<p class=\"wp-block-paragraph\">La fe no ense\u00f1a la condena constante, sino el aprendizaje y la correcci\u00f3n de rumbo. La responsabilidad no consiste en cargar con la verg\u00fcenza, sino en afrontar el problema con madurez y voluntad de actuar. Cuando la culpa se desvanece, aumenta la claridad.<\/p>\n\n\n\n<h2 class=\"wp-block-heading\">La responsabilidad comienza con la realidad, no con las promesas.<\/h2>\n\n\n\n<p class=\"wp-block-paragraph\">Para salir de deudas es necesario afrontar la realidad financiera sin filtros. Esto incluye enumerar todas las deudas, importes, tipos de inter\u00e9s, plazos de vencimiento y acreedores. Este paso suele ser inc\u00f3modo, pero es fundamental. Sin \u00e9l, cualquier plan es ilusorio.<\/p>\n\n\n\n<p class=\"wp-block-paragraph\">La responsabilidad comienza cuando uno abandona promesas gen\u00e9ricas como \u201cYa lo resolver\u00e9\u201d y adopta acciones concretas, aunque sean peque\u00f1as. La fe no reemplaza este proceso. Brinda apoyo emocional, pero no elimina la necesidad de organizaci\u00f3n pr\u00e1ctica.<\/p>\n\n\n\n<h2 class=\"wp-block-heading\">Prioriza tus deudas con prudencia.<\/h2>\n\n\n\n<p class=\"wp-block-paragraph\">No todas las deudas son iguales. Algunas tienen tasas de inter\u00e9s m\u00e1s altas y un mayor impacto en el presupuesto. Otras ofrecen margen de negociaci\u00f3n. Un error com\u00fan es intentar resolverlo todo a la vez, lo que lleva a la frustraci\u00f3n y al abandono.<\/p>\n\n\n\n<p class=\"wp-block-paragraph\">Salir de las deudas de forma consciente implica una priorizaci\u00f3n estrat\u00e9gica. Centrarse en las deudas m\u00e1s costosas, negociar cuando sea posible y evitar contraer nuevas deudas mientras se organizan las existentes son acciones fundamentales. Este proceso requiere paciencia, no impulsividad.<\/p>\n\n\n\n<h2 class=\"wp-block-heading\">Adaptar tu estilo de vida sin extremismos.<\/h2>\n\n\n\n<p class=\"wp-block-paragraph\">Otro punto crucial es ajustar los gastos durante el proceso de pago de la deuda. Los recortes dr\u00e1sticos e irreales suelen fracasar porque generan una sensaci\u00f3n de castigo. Los ajustes conscientes y sostenibles tienen muchas m\u00e1s probabilidades de \u00e9xito.<\/p>\n\n\n\n<p class=\"wp-block-paragraph\">La responsabilidad financiera no implica renunciar a todas las comodidades, sino ajustar los gastos a la realidad actual. Es un periodo de transici\u00f3n, no de castigo. Comprender esto reduce la resistencia interna y aumenta la constancia.<\/p>\n\n\n\n<h2 class=\"wp-block-heading\">La fe como apoyo emocional, no como v\u00eda de escape.<\/h2>\n\n\n\n<p class=\"wp-block-paragraph\">La fe puede ser un gran apoyo durante el proceso de salir de las deudas, siempre y cuando no se utilice como una forma de evadir la responsabilidad. Esperar soluciones externas sin tomar medidas pr\u00e1cticas solo prolonga el problema.<\/p>\n\n\n\n<p class=\"wp-block-paragraph\">Cuando se practica de forma saludable, la fe ayuda a afrontar la frustraci\u00f3n, la ansiedad y el miedo al futuro. Ofrece perspectiva, record\u00e1ndonos que las dificultades econ\u00f3micas no definen el valor de una persona. Esto fortalece la resiliencia necesaria para perseverar en el plan, incluso cuando el progreso parece lento.<\/p>\n\n\n\n<h2 class=\"wp-block-heading\">Aprender de las deudas para no repetir el ciclo.<\/h2>\n\n\n\n<p class=\"wp-block-paragraph\">Salir de las deudas sin aprender del proceso aumenta el riesgo de recaer. Es fundamental identificar los patrones que llevaron al endeudamiento: gastos impulsivos, falta de planificaci\u00f3n, uso excesivo del cr\u00e9dito o intentos de mantener un estilo de vida incompatible con los ingresos.<\/p>\n\n\n\n<p class=\"wp-block-paragraph\">Este proceso de aprendizaje no debe basarse en el juicio, sino en la honestidad. Transforma las experiencias negativas en una fuente de crecimiento financiero y emocional.<\/p>\n\n\n\n<h2 class=\"wp-block-heading\">Construyendo protecci\u00f3n para el futuro.<\/h2>\n\n\n\n<p class=\"wp-block-paragraph\">Parte de la responsabilidad al salir de deudas consiste en crear mecanismos de protecci\u00f3n para evitar contraer nuevas deudas. Esto incluye reservas financieras, una planificaci\u00f3n b\u00e1sica y una mayor conciencia de los l\u00edmites.<\/p>\n\n\n\n<p class=\"wp-block-paragraph\">Estas medidas no se implementan de la noche a la ma\u00f1ana, sino que deben desarrollarse gradualmente. Incluso peque\u00f1os avances en este sentido aumentan la seguridad y reducen la dependencia del cr\u00e9dito en situaciones de emergencia.<\/p>\n\n\n\n<h2 class=\"wp-block-heading\">El impacto de la deuda en las relaciones.<\/h2>\n\n\n\n<p class=\"wp-block-paragraph\">Las deudas impagadas suelen generar conflictos familiares y matrimoniales. La falta de comunicaci\u00f3n, los secretos financieros y las decisiones unilaterales agravan el problema. Abordar las deudas de forma consciente implica un di\u00e1logo claro y la alineaci\u00f3n de expectativas.<\/p>\n\n\n\n<p class=\"wp-block-paragraph\">La responsabilidad financiera compartida fortalece las relaciones, mientras que el silencio tiende a debilitarlas. La claridad, aunque inc\u00f3moda al principio, evita mayores tensiones a largo plazo.<\/p>\n\n\n\n<h2 class=\"wp-block-heading\">Conclusi\u00f3n: Salir de las deudas es un acto de madurez.<\/h2>\n\n\n\n<p class=\"wp-block-paragraph\">Salir de las deudas no se trata solo de pagarlas. Se trata de reconstruir tu relaci\u00f3n con el dinero, la responsabilidad y los l\u00edmites. Se trata de abandonar las soluciones f\u00e1ciles y tomar un camino m\u00e1s consciente, aunque m\u00e1s lento.<\/p>\n\n\n\n<p class=\"wp-block-paragraph\">La fe, combinada con la responsabilidad, no elimina los desaf\u00edos, pero s\u00ed fortalece el proceso. La deuda no define a una persona, pero la forma en que la afronta revela madurez. Con claridad, estrategia y constancia, es posible salir de las deudas y construir una base financiera m\u00e1s s\u00f3lida y saludable.<\/p>","protected":false},"excerpt":{"rendered":"<p>D\u00edvidas fazem parte da realidade de muitas pessoas. Ainda assim, o tema costuma ser cercado de vergonha, sil\u00eancio e culpa. Para quem tem f\u00e9, esse peso pode ser ainda maior, pois o endividamento muitas vezes \u00e9 interpretado como falha moral, falta de controle ou at\u00e9 falta de espiritualidade. Essa leitura n\u00e3o ajuda. Pelo contr\u00e1rio, paralisa.&hellip;&nbsp;<\/p>","protected":false},"author":1,"featured_media":2139,"comment_status":"open","ping_status":"open","sticky":false,"template":"","format":"standard","meta":{"neve_meta_sidebar":"","neve_meta_container":"","neve_meta_enable_content_width":"","neve_meta_content_width":0,"neve_meta_title_alignment":"","neve_meta_author_avatar":"","neve_post_elements_order":"","neve_meta_disable_header":"","neve_meta_disable_footer":"","neve_meta_disable_title":"","footnotes":""},"categories":[29],"tags":[],"class_list":["post-2138","post","type-post","status-publish","format-standard","has-post-thumbnail","hentry","category-financas-com-proposito"],"yoast_head":"<!-- This site is optimized with the Yoast SEO plugin v28.4 - https:\/\/yoast.com\/product\/yoast-seo-wordpress\/ -->\n<title>D\u00edvidas, f\u00e9 e responsabilidade: como sair do endividamento com consci\u00eancia - Ora\u00e7\u00e3o e F\u00e9<\/title>\n<meta name=\"robots\" content=\"index, follow, max-snippet:-1, max-image-preview:large, max-video-preview:-1\" \/>\n<link rel=\"canonical\" href=\"https:\/\/www.prayandfaith.com\/es\/deuda-fe-y-responsabilidad-como-salir-de-las-deudas-de-forma-consciente\/\" \/>\n<meta property=\"og:locale\" content=\"es_ES\" \/>\n<meta property=\"og:type\" content=\"article\" \/>\n<meta property=\"og:title\" content=\"D\u00edvidas, f\u00e9 e responsabilidade: como sair do endividamento com consci\u00eancia - Ora\u00e7\u00e3o e F\u00e9\" \/>\n<meta property=\"og:description\" content=\"D\u00edvidas fazem parte da realidade de muitas pessoas. Ainda assim, o tema costuma ser cercado de vergonha, sil\u00eancio e culpa. Para quem tem f\u00e9, esse peso pode ser ainda maior, pois o endividamento muitas vezes \u00e9 interpretado como falha moral, falta de controle ou at\u00e9 falta de espiritualidade. Essa leitura n\u00e3o ajuda. Pelo contr\u00e1rio, paralisa.&hellip;&nbsp;\" \/>\n<meta property=\"og:url\" content=\"https:\/\/www.prayandfaith.com\/es\/deuda-fe-y-responsabilidad-como-salir-de-las-deudas-de-forma-consciente\/\" \/>\n<meta property=\"og:site_name\" content=\"Ora\u00e7\u00e3o e F\u00e9\" \/>\n<meta property=\"article:published_time\" content=\"2026-07-11T15:17:57+00:00\" \/>\n<meta property=\"og:image\" content=\"https:\/\/www.prayandfaith.com\/wp-content\/uploads\/2025\/12\/divida.webp\" \/>\n\t<meta property=\"og:image:width\" content=\"1792\" \/>\n\t<meta property=\"og:image:height\" content=\"1024\" \/>\n\t<meta property=\"og:image:type\" content=\"image\/webp\" \/>\n<meta name=\"author\" content=\"Ana\" \/>\n<meta name=\"twitter:card\" content=\"summary_large_image\" \/>\n<meta name=\"twitter:label1\" content=\"Escrito por\" \/>\n\t<meta name=\"twitter:data1\" content=\"Ana\" \/>\n\t<meta name=\"twitter:label2\" content=\"Tiempo de lectura\" \/>\n\t<meta name=\"twitter:data2\" content=\"5 minutos\" \/>\n<script type=\"application\/ld+json\" class=\"yoast-schema-graph\">{\"@context\":\"https:\\\/\\\/schema.org\",\"@graph\":[{\"@type\":\"Article\",\"@id\":\"https:\\\/\\\/www.prayandfaith.com\\\/dividas-fe-e-responsabilidade-como-sair-do-endividamento-com-consciencia\\\/#article\",\"isPartOf\":{\"@id\":\"https:\\\/\\\/www.prayandfaith.com\\\/dividas-fe-e-responsabilidade-como-sair-do-endividamento-com-consciencia\\\/\"},\"author\":{\"name\":\"Ana\",\"@id\":\"https:\\\/\\\/www.prayandfaith.com\\\/#\\\/schema\\\/person\\\/a082382ad454f9576c1c5bf62649387c\"},\"headline\":\"D\u00edvidas, f\u00e9 e responsabilidade: como sair do endividamento com consci\u00eancia\",\"datePublished\":\"2026-07-11T15:17:57+00:00\",\"mainEntityOfPage\":{\"@id\":\"https:\\\/\\\/www.prayandfaith.com\\\/dividas-fe-e-responsabilidade-como-sair-do-endividamento-com-consciencia\\\/\"},\"wordCount\":1025,\"commentCount\":0,\"publisher\":{\"@id\":\"https:\\\/\\\/www.prayandfaith.com\\\/#organization\"},\"image\":{\"@id\":\"https:\\\/\\\/www.prayandfaith.com\\\/dividas-fe-e-responsabilidade-como-sair-do-endividamento-com-consciencia\\\/#primaryimage\"},\"thumbnailUrl\":\"https:\\\/\\\/www.prayandfaith.com\\\/wp-content\\\/uploads\\\/2025\\\/12\\\/divida.webp\",\"articleSection\":[\"Finan\u00e7as com Prop\u00f3sito e Curiosidades\"],\"inLanguage\":\"es\",\"potentialAction\":[{\"@type\":\"CommentAction\",\"name\":\"Comment\",\"target\":[\"https:\\\/\\\/www.prayandfaith.com\\\/dividas-fe-e-responsabilidade-como-sair-do-endividamento-com-consciencia\\\/#respond\"]}]},{\"@type\":\"WebPage\",\"@id\":\"https:\\\/\\\/www.prayandfaith.com\\\/dividas-fe-e-responsabilidade-como-sair-do-endividamento-com-consciencia\\\/\",\"url\":\"https:\\\/\\\/www.prayandfaith.com\\\/dividas-fe-e-responsabilidade-como-sair-do-endividamento-com-consciencia\\\/\",\"name\":\"D\u00edvidas, f\u00e9 e responsabilidade: como sair do endividamento com consci\u00eancia - Ora\u00e7\u00e3o e F\u00e9\",\"isPartOf\":{\"@id\":\"https:\\\/\\\/www.prayandfaith.com\\\/#website\"},\"primaryImageOfPage\":{\"@id\":\"https:\\\/\\\/www.prayandfaith.com\\\/dividas-fe-e-responsabilidade-como-sair-do-endividamento-com-consciencia\\\/#primaryimage\"},\"image\":{\"@id\":\"https:\\\/\\\/www.prayandfaith.com\\\/dividas-fe-e-responsabilidade-como-sair-do-endividamento-com-consciencia\\\/#primaryimage\"},\"thumbnailUrl\":\"https:\\\/\\\/www.prayandfaith.com\\\/wp-content\\\/uploads\\\/2025\\\/12\\\/divida.webp\",\"datePublished\":\"2026-07-11T15:17:57+00:00\",\"breadcrumb\":{\"@id\":\"https:\\\/\\\/www.prayandfaith.com\\\/dividas-fe-e-responsabilidade-como-sair-do-endividamento-com-consciencia\\\/#breadcrumb\"},\"inLanguage\":\"es\",\"potentialAction\":[{\"@type\":\"ReadAction\",\"target\":[\"https:\\\/\\\/www.prayandfaith.com\\\/dividas-fe-e-responsabilidade-como-sair-do-endividamento-com-consciencia\\\/\"]}]},{\"@type\":\"ImageObject\",\"inLanguage\":\"es\",\"@id\":\"https:\\\/\\\/www.prayandfaith.com\\\/dividas-fe-e-responsabilidade-como-sair-do-endividamento-com-consciencia\\\/#primaryimage\",\"url\":\"https:\\\/\\\/www.prayandfaith.com\\\/wp-content\\\/uploads\\\/2025\\\/12\\\/divida.webp\",\"contentUrl\":\"https:\\\/\\\/www.prayandfaith.com\\\/wp-content\\\/uploads\\\/2025\\\/12\\\/divida.webp\",\"width\":1792,\"height\":1024},{\"@type\":\"BreadcrumbList\",\"@id\":\"https:\\\/\\\/www.prayandfaith.com\\\/dividas-fe-e-responsabilidade-como-sair-do-endividamento-com-consciencia\\\/#breadcrumb\",\"itemListElement\":[{\"@type\":\"ListItem\",\"position\":1,\"name\":\"In\u00edcio\",\"item\":\"https:\\\/\\\/www.prayandfaith.com\\\/\"},{\"@type\":\"ListItem\",\"position\":2,\"name\":\"D\u00edvidas, f\u00e9 e responsabilidade: como sair do endividamento com consci\u00eancia\"}]},{\"@type\":\"WebSite\",\"@id\":\"https:\\\/\\\/www.prayandfaith.com\\\/#website\",\"url\":\"https:\\\/\\\/www.prayandfaith.com\\\/\",\"name\":\"PrayandFaith\",\"description\":\"O poder da Ora\u00e7\u00e3o e da F\u00e9\",\"publisher\":{\"@id\":\"https:\\\/\\\/www.prayandfaith.com\\\/#organization\"},\"potentialAction\":[{\"@type\":\"SearchAction\",\"target\":{\"@type\":\"EntryPoint\",\"urlTemplate\":\"https:\\\/\\\/www.prayandfaith.com\\\/?s={search_term_string}\"},\"query-input\":{\"@type\":\"PropertyValueSpecification\",\"valueRequired\":true,\"valueName\":\"search_term_string\"}}],\"inLanguage\":\"es\"},{\"@type\":\"Organization\",\"@id\":\"https:\\\/\\\/www.prayandfaith.com\\\/#organization\",\"name\":\"PrayandFaith\",\"url\":\"https:\\\/\\\/www.prayandfaith.com\\\/\",\"logo\":{\"@type\":\"ImageObject\",\"inLanguage\":\"es\",\"@id\":\"https:\\\/\\\/www.prayandfaith.com\\\/#\\\/schema\\\/logo\\\/image\\\/\",\"url\":\"https:\\\/\\\/www.prayandfaith.com\\\/wp-content\\\/uploads\\\/2025\\\/01\\\/cropped-pray-and-faith-1.jpg\",\"contentUrl\":\"https:\\\/\\\/www.prayandfaith.com\\\/wp-content\\\/uploads\\\/2025\\\/01\\\/cropped-pray-and-faith-1.jpg\",\"width\":400,\"height\":80,\"caption\":\"PrayandFaith\"},\"image\":{\"@id\":\"https:\\\/\\\/www.prayandfaith.com\\\/#\\\/schema\\\/logo\\\/image\\\/\"}},{\"@type\":\"Person\",\"@id\":\"https:\\\/\\\/www.prayandfaith.com\\\/#\\\/schema\\\/person\\\/a082382ad454f9576c1c5bf62649387c\",\"name\":\"Ana\",\"image\":{\"@type\":\"ImageObject\",\"inLanguage\":\"es\",\"@id\":\"https:\\\/\\\/secure.gravatar.com\\\/avatar\\\/f5efa58599e07f8dd92f26c7cfbc442fd115582bc681245452e503c2ef2334f3?s=96&d=mm&r=g\",\"url\":\"https:\\\/\\\/secure.gravatar.com\\\/avatar\\\/f5efa58599e07f8dd92f26c7cfbc442fd115582bc681245452e503c2ef2334f3?s=96&d=mm&r=g\",\"contentUrl\":\"https:\\\/\\\/secure.gravatar.com\\\/avatar\\\/f5efa58599e07f8dd92f26c7cfbc442fd115582bc681245452e503c2ef2334f3?s=96&d=mm&r=g\",\"caption\":\"Ana\"},\"description\":\"Sou estudante de p\u00f3s-gradua\u00e7\u00e3o em Literatura e apaixonada pela escrita e pela comunica\u00e7\u00e3o digital. Atualmente, fa\u00e7o parte da equipe do Pray and Faith, onde produzo conte\u00fados inspiradores voltados para f\u00e9, reflex\u00e3o, espiritualidade e crescimento pessoal no universo digital. Meu objetivo \u00e9 criar textos acolhedores, edificantes e informativos, levando mensagens de esperan\u00e7a, motiva\u00e7\u00e3o e fortalecimento espiritual para leitores de diferentes partes do mundo. Todos os conte\u00fados s\u00e3o desenvolvidos com dedica\u00e7\u00e3o, responsabilidade e compromisso com informa\u00e7\u00f5es relevantes e inspiradoras, sempre buscando proporcionar uma experi\u00eancia positiva e enriquecedora aos leitores. Junte-se a n\u00f3s e aproveite sua leitura!\",\"sameAs\":[\"https:\\\/\\\/www.prayandfaith.com\"],\"url\":\"https:\\\/\\\/www.prayandfaith.com\\\/es\\\/author\\\/admin\\\/\"}]}<\/script>\n<!-- \/ Yoast SEO plugin. -->","yoast_head_json":{"title":"Deuda, fe y responsabilidad: c\u00f3mo salir de las deudas de forma consciente - Oraci\u00f3n y fe","robots":{"index":"index","follow":"follow","max-snippet":"max-snippet:-1","max-image-preview":"max-image-preview:large","max-video-preview":"max-video-preview:-1"},"canonical":"https:\/\/www.prayandfaith.com\/es\/deuda-fe-y-responsabilidad-como-salir-de-las-deudas-de-forma-consciente\/","og_locale":"es_ES","og_type":"article","og_title":"D\u00edvidas, f\u00e9 e responsabilidade: como sair do endividamento com consci\u00eancia - Ora\u00e7\u00e3o e F\u00e9","og_description":"D\u00edvidas fazem parte da realidade de muitas pessoas. Ainda assim, o tema costuma ser cercado de vergonha, sil\u00eancio e culpa. Para quem tem f\u00e9, esse peso pode ser ainda maior, pois o endividamento muitas vezes \u00e9 interpretado como falha moral, falta de controle ou at\u00e9 falta de espiritualidade. Essa leitura n\u00e3o ajuda. Pelo contr\u00e1rio, paralisa.&hellip;&nbsp;","og_url":"https:\/\/www.prayandfaith.com\/es\/deuda-fe-y-responsabilidad-como-salir-de-las-deudas-de-forma-consciente\/","og_site_name":"Ora\u00e7\u00e3o e F\u00e9","article_published_time":"2026-07-11T15:17:57+00:00","og_image":[{"width":1792,"height":1024,"url":"https:\/\/www.prayandfaith.com\/wp-content\/uploads\/2025\/12\/divida.webp","type":"image\/webp"}],"author":"Ana","twitter_card":"summary_large_image","twitter_misc":{"Escrito por":"Ana","Tiempo de lectura":"5 minutos"},"schema":{"@context":"https:\/\/schema.org","@graph":[{"@type":"Article","@id":"https:\/\/www.prayandfaith.com\/dividas-fe-e-responsabilidade-como-sair-do-endividamento-com-consciencia\/#article","isPartOf":{"@id":"https:\/\/www.prayandfaith.com\/dividas-fe-e-responsabilidade-como-sair-do-endividamento-com-consciencia\/"},"author":{"name":"Ana","@id":"https:\/\/www.prayandfaith.com\/#\/schema\/person\/a082382ad454f9576c1c5bf62649387c"},"headline":"D\u00edvidas, f\u00e9 e responsabilidade: como sair do endividamento com consci\u00eancia","datePublished":"2026-07-11T15:17:57+00:00","mainEntityOfPage":{"@id":"https:\/\/www.prayandfaith.com\/dividas-fe-e-responsabilidade-como-sair-do-endividamento-com-consciencia\/"},"wordCount":1025,"commentCount":0,"publisher":{"@id":"https:\/\/www.prayandfaith.com\/#organization"},"image":{"@id":"https:\/\/www.prayandfaith.com\/dividas-fe-e-responsabilidade-como-sair-do-endividamento-com-consciencia\/#primaryimage"},"thumbnailUrl":"https:\/\/www.prayandfaith.com\/wp-content\/uploads\/2025\/12\/divida.webp","articleSection":["Finan\u00e7as com Prop\u00f3sito e Curiosidades"],"inLanguage":"es","potentialAction":[{"@type":"CommentAction","name":"Comment","target":["https:\/\/www.prayandfaith.com\/dividas-fe-e-responsabilidade-como-sair-do-endividamento-com-consciencia\/#respond"]}]},{"@type":"WebPage","@id":"https:\/\/www.prayandfaith.com\/dividas-fe-e-responsabilidade-como-sair-do-endividamento-com-consciencia\/","url":"https:\/\/www.prayandfaith.com\/dividas-fe-e-responsabilidade-como-sair-do-endividamento-com-consciencia\/","name":"Deuda, fe y responsabilidad: c\u00f3mo salir de las deudas de forma consciente - Oraci\u00f3n y fe","isPartOf":{"@id":"https:\/\/www.prayandfaith.com\/#website"},"primaryImageOfPage":{"@id":"https:\/\/www.prayandfaith.com\/dividas-fe-e-responsabilidade-como-sair-do-endividamento-com-consciencia\/#primaryimage"},"image":{"@id":"https:\/\/www.prayandfaith.com\/dividas-fe-e-responsabilidade-como-sair-do-endividamento-com-consciencia\/#primaryimage"},"thumbnailUrl":"https:\/\/www.prayandfaith.com\/wp-content\/uploads\/2025\/12\/divida.webp","datePublished":"2026-07-11T15:17:57+00:00","breadcrumb":{"@id":"https:\/\/www.prayandfaith.com\/dividas-fe-e-responsabilidade-como-sair-do-endividamento-com-consciencia\/#breadcrumb"},"inLanguage":"es","potentialAction":[{"@type":"ReadAction","target":["https:\/\/www.prayandfaith.com\/dividas-fe-e-responsabilidade-como-sair-do-endividamento-com-consciencia\/"]}]},{"@type":"ImageObject","inLanguage":"es","@id":"https:\/\/www.prayandfaith.com\/dividas-fe-e-responsabilidade-como-sair-do-endividamento-com-consciencia\/#primaryimage","url":"https:\/\/www.prayandfaith.com\/wp-content\/uploads\/2025\/12\/divida.webp","contentUrl":"https:\/\/www.prayandfaith.com\/wp-content\/uploads\/2025\/12\/divida.webp","width":1792,"height":1024},{"@type":"BreadcrumbList","@id":"https:\/\/www.prayandfaith.com\/dividas-fe-e-responsabilidade-como-sair-do-endividamento-com-consciencia\/#breadcrumb","itemListElement":[{"@type":"ListItem","position":1,"name":"In\u00edcio","item":"https:\/\/www.prayandfaith.com\/"},{"@type":"ListItem","position":2,"name":"D\u00edvidas, f\u00e9 e responsabilidade: como sair do endividamento com consci\u00eancia"}]},{"@type":"WebSite","@id":"https:\/\/www.prayandfaith.com\/#website","url":"https:\/\/www.prayandfaith.com\/","name":"Oraci\u00f3n y fe","description":"El poder de la oraci\u00f3n y la fe","publisher":{"@id":"https:\/\/www.prayandfaith.com\/#organization"},"potentialAction":[{"@type":"SearchAction","target":{"@type":"EntryPoint","urlTemplate":"https:\/\/www.prayandfaith.com\/?s={search_term_string}"},"query-input":{"@type":"PropertyValueSpecification","valueRequired":true,"valueName":"search_term_string"}}],"inLanguage":"es"},{"@type":"Organization","@id":"https:\/\/www.prayandfaith.com\/#organization","name":"Oraci\u00f3n y fe","url":"https:\/\/www.prayandfaith.com\/","logo":{"@type":"ImageObject","inLanguage":"es","@id":"https:\/\/www.prayandfaith.com\/#\/schema\/logo\/image\/","url":"https:\/\/www.prayandfaith.com\/wp-content\/uploads\/2025\/01\/cropped-pray-and-faith-1.jpg","contentUrl":"https:\/\/www.prayandfaith.com\/wp-content\/uploads\/2025\/01\/cropped-pray-and-faith-1.jpg","width":400,"height":80,"caption":"PrayandFaith"},"image":{"@id":"https:\/\/www.prayandfaith.com\/#\/schema\/logo\/image\/"}},{"@type":"Person","@id":"https:\/\/www.prayandfaith.com\/#\/schema\/person\/a082382ad454f9576c1c5bf62649387c","name":"Enano","image":{"@type":"ImageObject","inLanguage":"es","@id":"https:\/\/secure.gravatar.com\/avatar\/f5efa58599e07f8dd92f26c7cfbc442fd115582bc681245452e503c2ef2334f3?s=96&d=mm&r=g","url":"https:\/\/secure.gravatar.com\/avatar\/f5efa58599e07f8dd92f26c7cfbc442fd115582bc681245452e503c2ef2334f3?s=96&d=mm&r=g","contentUrl":"https:\/\/secure.gravatar.com\/avatar\/f5efa58599e07f8dd92f26c7cfbc442fd115582bc681245452e503c2ef2334f3?s=96&d=mm&r=g","caption":"Ana"},"description":"Soy estudiante de posgrado en Literatura y me apasiona la escritura y la comunicaci\u00f3n digital. Actualmente, formo parte del equipo de Pray and Faith, donde produzco contenido inspirador centrado en la fe, la reflexi\u00f3n, la espiritualidad y el crecimiento personal en el mundo digital. Mi objetivo es crear textos acogedores, edificantes e informativos, que transmitan mensajes de esperanza, motivaci\u00f3n y fortalecimiento espiritual a lectores de todo el mundo. Todo el contenido se desarrolla con dedicaci\u00f3n, responsabilidad y compromiso con informaci\u00f3n relevante e inspiradora, buscando siempre brindar una experiencia positiva y enriquecedora a los lectores. \u00a1\u00danete a nosotros y disfruta de la lectura!","sameAs":["https:\/\/www.prayandfaith.com"],"url":"https:\/\/www.prayandfaith.com\/es\/author\/admin\/"}]}},"_links":{"self":[{"href":"https:\/\/www.prayandfaith.com\/es\/wp-json\/wp\/v2\/posts\/2138","targetHints":{"allow":["GET"]}}],"collection":[{"href":"https:\/\/www.prayandfaith.com\/es\/wp-json\/wp\/v2\/posts"}],"about":[{"href":"https:\/\/www.prayandfaith.com\/es\/wp-json\/wp\/v2\/types\/post"}],"author":[{"embeddable":true,"href":"https:\/\/www.prayandfaith.com\/es\/wp-json\/wp\/v2\/users\/1"}],"replies":[{"embeddable":true,"href":"https:\/\/www.prayandfaith.com\/es\/wp-json\/wp\/v2\/comments?post=2138"}],"version-history":[{"count":1,"href":"https:\/\/www.prayandfaith.com\/es\/wp-json\/wp\/v2\/posts\/2138\/revisions"}],"predecessor-version":[{"id":2140,"href":"https:\/\/www.prayandfaith.com\/es\/wp-json\/wp\/v2\/posts\/2138\/revisions\/2140"}],"wp:featuredmedia":[{"embeddable":true,"href":"https:\/\/www.prayandfaith.com\/es\/wp-json\/wp\/v2\/media\/2139"}],"wp:attachment":[{"href":"https:\/\/www.prayandfaith.com\/es\/wp-json\/wp\/v2\/media?parent=2138"}],"wp:term":[{"taxonomy":"category","embeddable":true,"href":"https:\/\/www.prayandfaith.com\/es\/wp-json\/wp\/v2\/categories?post=2138"},{"taxonomy":"post_tag","embeddable":true,"href":"https:\/\/www.prayandfaith.com\/es\/wp-json\/wp\/v2\/tags?post=2138"}],"curies":[{"name":"gracias","href":"https:\/\/api.w.org\/{rel}","templated":true}]}}