{"id":2092,"date":"2026-05-02T09:20:01","date_gmt":"2026-05-02T12:20:01","guid":{"rendered":"https:\/\/www.prayandfaith.com\/?p=2092"},"modified":"2025-12-14T09:43:01","modified_gmt":"2025-12-14T12:43:01","slug":"cuando-la-vida-te-pida-una-pausa-aprende-a-respetar-tu-propio-cansancio-sin-sentirte-culpable","status":"publish","type":"post","link":"https:\/\/www.prayandfaith.com\/es\/quando-a-vida-pede-pausa-aprender-a-respeitar-o-proprio-cansaco-sem-culpa\/","title":{"rendered":"Cuando la vida te pide una pausa: Aprender a respetar tu propio cansancio sin sentirte culpable."},"content":{"rendered":"<p>Llega un punto en la vida en que el cuerpo se ralentiza incluso antes de que la mente lo acepte. La fatiga se acumula, la motivaci\u00f3n disminuye y las tareas simples comienzan a requerir m\u00e1s esfuerzo de lo habitual. Sin embargo, muchas personas insisten en continuar al mismo ritmo, ignorando las claras se\u00f1ales de agotamiento. En una sociedad que valora la productividad constante, <strong>Tomarse un descanso puede parecer una debilidad.<\/strong>, cuando en realidad es una necesidad.<\/p>\n\n\n\n<p>Este texto trata sobre ese momento de silencio en el que la vida nos pide una pausa. No como una rendici\u00f3n, sino como una oportunidad para reorganizarnos. Trata sobre comprender el cansancio no como un enemigo, sino como una advertencia leg\u00edtima de que algo necesita ser revisado.<\/p>\n\n\n\n<h2 class=\"wp-block-heading\">Un cansancio que va m\u00e1s all\u00e1 de lo f\u00edsico.<\/h2>\n\n\n\n<p>No todo el cansancio se resuelve con una buena noche de sue\u00f1o. Existe un agotamiento emocional y mental m\u00e1s profundo que se manifiesta incluso cuando el cuerpo descansa. Este tipo de cansancio surge de la sobrecarga constante, la presi\u00f3n por obtener resultados y la dificultad para permitirse parar.<\/p>\n\n\n\n<p>Se manifiesta en irritabilidad frecuente, falta de entusiasmo y una constante sensaci\u00f3n de pesadez. Ignorarla no la hace desaparecer; al contrario, tiende a intensificarse.<\/p>\n\n\n\n<p>Reconocer este cansancio es el primer paso para cuidar de uno mismo.<\/p>\n\n\n\n<h2 class=\"wp-block-heading\">\u00bfPor qu\u00e9 nos sentimos culpables cuando descansamos?<\/h2>\n\n\n\n<p>Muchas personas asocian el descanso con la improductividad. Desde peque\u00f1os, aprendemos que siempre debemos estar haciendo algo \u00fatil, avanzando o produciendo. Cuando el cuerpo pide un respiro, surge la culpa: &quot;Deber\u00eda poder aguantar m\u00e1s&quot;, &quot;No puedo parar ahora&quot;.<\/p>\n\n\n\n<p>Esta culpa no proviene del descanso en s\u00ed, sino de expectativas externas e internas que se han ido incorporando con el tiempo. Cuestionar estas creencias es fundamental para recuperar una relaci\u00f3n m\u00e1s sana con el propio ritmo.<\/p>\n\n\n\n<p>Descansar no es fracasar. Es conservar tus fuerzas.<\/p>\n\n\n\n<h2 class=\"wp-block-heading\">Las se\u00f1ales que indican que es necesario un descanso.<\/h2>\n\n\n\n<p>Antes de llegar al agotamiento total, el cuerpo y la mente suelen enviar se\u00f1ales claras. Estas incluyen dificultad para concentrarse, desmotivaci\u00f3n persistente, cambios en los patrones de sue\u00f1o y la sensaci\u00f3n de ir siempre con retraso.<\/p>\n\n\n\n<p>Estas se\u00f1ales no deben ignorarse ni descartarse como mera pereza. Indican que algo est\u00e1 desequilibrado y que persistir al mismo ritmo podr\u00eda acarrear consecuencias m\u00e1s graves.<\/p>\n\n\n\n<p>Prestar atenci\u00f3n a estas se\u00f1ales es un acto de responsabilidad personal.<\/p>\n\n\n\n<h2 class=\"wp-block-heading\">La diferencia entre una pausa y rendirse.<\/h2>\n\n\n\n<p>Uno de los mayores temores al tomarse un descanso es confundirlo con rendirse. Sin embargo, hacer una pausa no significa abandonar los objetivos, sino crear un espacio para reorganizar la energ\u00eda, aclarar las ideas y ajustar las expectativas.<\/p>\n\n\n\n<p>Una pausa consciente permite que la persona regrese m\u00e1s equilibrada, no solo m\u00e1s descansada. Ofrece perspectiva y evita decisiones impulsivas tomadas bajo agotamiento.<\/p>\n\n\n\n<p>A menudo, hacer una pausa es lo que nos permite continuar.<\/p>\n\n\n\n<h2 class=\"wp-block-heading\">El impacto de un ritmo de vida acelerado en la salud emocional<\/h2>\n\n\n\n<p>Mantener un ritmo acelerado durante periodos prolongados puede provocar un agotamiento emocional significativo. La persona comienza a vivir en piloto autom\u00e1tico, reaccionando a las exigencias sin espacio para la reflexi\u00f3n ni el autocuidado.<\/p>\n\n\n\n<p>Con el tiempo, esto puede afectar la autoestima, las relaciones y la percepci\u00f3n de la vida. Tomarse un descanso se presenta como una oportunidad para reconectar con las necesidades internas.<\/p>\n\n\n\n<p>Reducir el ritmo ayuda a recuperar el control de la propia vida.<\/p>\n\n\n\n<h2 class=\"wp-block-heading\">Aprender a respetar el propio tiempo<\/h2>\n\n\n\n<p>Cada persona tiene su propio ritmo. Compararse con los dem\u00e1s o intentar alcanzar est\u00e1ndares poco realistas solo aumenta la presi\u00f3n interna. Respetar tu propio tiempo significa reconocer tus l\u00edmites sin juzgarte.<\/p>\n\n\n\n<p>Esta aceptaci\u00f3n no se produce de la noche a la ma\u00f1ana. Requiere pr\u00e1ctica, autoconocimiento y la voluntad de dejar de lado las expectativas externas.<\/p>\n\n\n\n<p>Respetar el propio ritmo interno es un signo de madurez emocional.<\/p>\n\n\n\n<h2 class=\"wp-block-heading\">El miedo a quedarse atr\u00e1s<\/h2>\n\n\n\n<p>Muchas personas se resisten a tomarse un descanso por miedo a quedarse atr\u00e1s. Sienten que si se detienen, perder\u00e1n oportunidades y el mundo seguir\u00e1 adelante sin ellas.<\/p>\n\n\n\n<p>Este temor, si bien es comprensible, ignora el hecho de que continuar estando exhausto tambi\u00e9n compromete las decisiones y los resultados. Tomarse un descanso puede incluso prevenir errores que ser\u00edan m\u00e1s costosos en el futuro.<\/p>\n\n\n\n<p>Detenerse en el momento adecuado es una forma de protecci\u00f3n.<\/p>\n\n\n\n<h2 class=\"wp-block-heading\">Incluso los descansos cortos marcan la diferencia.<\/h2>\n\n\n\n<p>Tomarse un descanso no requiere cambios radicales. Peque\u00f1as pausas a lo largo del d\u00eda pueden brindar un alivio significativo. Reducir compromisos, ralentizar el ritmo de vida y crear momentos de silencio ayudan a reorganizar la mente.<\/p>\n\n\n\n<p>Estas pausas sirven como respiros en medio de la rutina. No lo solucionan todo, pero evitan que se acumule el estr\u00e9s.<\/p>\n\n\n\n<p>Descansar gradualmente tambi\u00e9n es una forma de descanso.<\/p>\n\n\n\n<h2 class=\"wp-block-heading\">La importancia de redefinir las prioridades.<\/h2>\n\n\n\n<p>Cuando la vida exige una pausa, generalmente tambi\u00e9n exige una revisi\u00f3n de prioridades. Lo que antes parec\u00eda urgente puede perder importancia, mientras que las necesidades internas cobran protagonismo.<\/p>\n\n\n\n<p>Este proceso puede resultar inc\u00f3modo, ya que implica decisiones y sacrificios. Aun as\u00ed, ayuda a alinear la vida con lo que realmente importa en ese momento.<\/p>\n\n\n\n<p>Redefinir las prioridades forma parte del autocuidado.<\/p>\n\n\n\n<h2 class=\"wp-block-heading\">Cuando hacer una pausa aporta claridad.<\/h2>\n\n\n\n<p>Al bajar el ritmo, los pensamientos se organizan mejor y las emociones se aclaran. Muchas respuestas que parec\u00edan lejanas surgen de forma natural cuando el ritmo se ralentiza.<\/p>\n\n\n\n<p>Tomarse un descanso crea espacio para la reflexi\u00f3n, la planificaci\u00f3n y la toma de decisiones m\u00e1s conscientes. Permite vislumbrar caminos que el cansancio hab\u00eda ocultado.<\/p>\n\n\n\n<p>La claridad suele surgir del silencio, no de la prisa.<\/p>\n\n\n\n<h2 class=\"wp-block-heading\">El regreso tras el descanso.<\/h2>\n\n\n\n<p>Regresar despu\u00e9s de un descanso no significa retomar todo exactamente como antes. A menudo, el regreso viene acompa\u00f1ado de ajustes, l\u00edmites m\u00e1s claros y decisiones m\u00e1s conscientes.<\/p>\n\n\n\n<p>Tomarse un descanso transforma la forma en que avanzas. Te ense\u00f1a sobre l\u00edmites, prioridades y autocuidado.<\/p>\n\n\n\n<p>Seguir siendo diferente es tambi\u00e9n seguir siendo.<\/p>\n\n\n\n<h2 class=\"wp-block-heading\">Normalizar el descanso como parte de la vida<\/h2>\n\n\n\n<p>El descanso no debe considerarse una excepci\u00f3n, sino una parte natural de la vida. Normalizar las pausas ayuda a prevenir el agotamiento y fomenta una relaci\u00f3n m\u00e1s equilibrada con el trabajo, las relaciones personales y las responsabilidades.<\/p>\n\n\n\n<p>Este cambio de perspectiva requiere abandonar viejos patrones, pero aporta beneficios duraderos.<\/p>\n\n\n\n<p>El descanso forma parte de la vida.<\/p>\n\n\n\n<h2 class=\"wp-block-heading\">Conclusi\u00f3n<\/h2>\n\n\n\n<p>Cuando la vida exige una pausa, insistir en mantener el mismo ritmo puede provocar m\u00e1s agotamiento que progreso. Respetar el propio cansancio es un acto de consciencia, no de debilidad.<\/p>\n\n\n\n<p>Hacer una pausa te permite reorganizar tus esfuerzos, revisar tus prioridades y continuar con mayor claridad. En la categor\u00eda <strong>Cosas de la vida<\/strong>, Este art\u00edculo sirve como recordatorio de que, a veces, reducir el ritmo es precisamente lo que la vida necesita para avanzar de una manera m\u00e1s saludable.<\/p>","protected":false},"excerpt":{"rendered":"<p>Existe um momento na vida em que o corpo desacelera antes mesmo de a mente aceitar. O cansa\u00e7o se acumula, a motiva\u00e7\u00e3o diminui e tarefas simples passam a exigir um esfor\u00e7o maior do que o normal. Ainda assim, muitas pessoas insistem em continuar no mesmo ritmo, ignorando sinais claros de esgotamento. Em uma sociedade que&hellip;&nbsp;<\/p>","protected":false},"author":1,"featured_media":2093,"comment_status":"open","ping_status":"open","sticky":false,"template":"","format":"standard","meta":{"neve_meta_sidebar":"","neve_meta_container":"","neve_meta_enable_content_width":"","neve_meta_content_width":0,"neve_meta_title_alignment":"","neve_meta_author_avatar":"","neve_post_elements_order":"","neve_meta_disable_header":"","neve_meta_disable_footer":"","neve_meta_disable_title":"","footnotes":""},"categories":[5],"tags":[],"class_list":["post-2092","post","type-post","status-publish","format-standard","has-post-thumbnail","hentry","category-coisas-vida"],"yoast_head":"<!-- This site is optimized with the Yoast SEO plugin v27.5 - https:\/\/yoast.com\/product\/yoast-seo-wordpress\/ -->\n<title>Quando a Vida Pede Pausa: Aprender a Respeitar o Pr\u00f3prio Cansa\u00e7o Sem Culpa - Ora\u00e7\u00e3o e F\u00e9<\/title>\n<meta name=\"robots\" content=\"index, follow, max-snippet:-1, max-image-preview:large, max-video-preview:-1\" \/>\n<link rel=\"canonical\" href=\"https:\/\/www.prayandfaith.com\/es\/cuando-la-vida-te-pida-una-pausa-aprende-a-respetar-tu-propio-cansancio-sin-sentirte-culpable\/\" \/>\n<meta property=\"og:locale\" content=\"es_ES\" \/>\n<meta property=\"og:type\" content=\"article\" \/>\n<meta property=\"og:title\" content=\"Quando a Vida Pede Pausa: Aprender a Respeitar o Pr\u00f3prio Cansa\u00e7o Sem Culpa - Ora\u00e7\u00e3o e F\u00e9\" \/>\n<meta property=\"og:description\" content=\"Existe um momento na vida em que o corpo desacelera antes mesmo de a mente aceitar. O cansa\u00e7o se acumula, a motiva\u00e7\u00e3o diminui e tarefas simples passam a exigir um esfor\u00e7o maior do que o normal. Ainda assim, muitas pessoas insistem em continuar no mesmo ritmo, ignorando sinais claros de esgotamento. Em uma sociedade que&hellip;&nbsp;\" \/>\n<meta property=\"og:url\" content=\"https:\/\/www.prayandfaith.com\/es\/cuando-la-vida-te-pida-una-pausa-aprende-a-respetar-tu-propio-cansancio-sin-sentirte-culpable\/\" \/>\n<meta property=\"og:site_name\" content=\"Ora\u00e7\u00e3o e F\u00e9\" \/>\n<meta property=\"article:published_time\" content=\"2026-05-02T12:20:01+00:00\" \/>\n<meta property=\"og:image\" content=\"https:\/\/www.prayandfaith.com\/wp-content\/uploads\/2025\/12\/pausa.webp\" \/>\n\t<meta property=\"og:image:width\" content=\"1792\" \/>\n\t<meta property=\"og:image:height\" content=\"1024\" \/>\n\t<meta property=\"og:image:type\" content=\"image\/webp\" \/>\n<meta name=\"author\" content=\"Ana\" \/>\n<meta name=\"twitter:card\" content=\"summary_large_image\" \/>\n<meta name=\"twitter:label1\" content=\"Escrito por\" \/>\n\t<meta name=\"twitter:data1\" content=\"Ana\" \/>\n\t<meta name=\"twitter:label2\" content=\"Tiempo de lectura\" \/>\n\t<meta name=\"twitter:data2\" content=\"5 minutos\" \/>\n<script type=\"application\/ld+json\" class=\"yoast-schema-graph\">{\"@context\":\"https:\\\/\\\/schema.org\",\"@graph\":[{\"@type\":\"Article\",\"@id\":\"https:\\\/\\\/www.prayandfaith.com\\\/quando-a-vida-pede-pausa-aprender-a-respeitar-o-proprio-cansaco-sem-culpa\\\/#article\",\"isPartOf\":{\"@id\":\"https:\\\/\\\/www.prayandfaith.com\\\/quando-a-vida-pede-pausa-aprender-a-respeitar-o-proprio-cansaco-sem-culpa\\\/\"},\"author\":{\"name\":\"Ana\",\"@id\":\"https:\\\/\\\/www.prayandfaith.com\\\/#\\\/schema\\\/person\\\/a082382ad454f9576c1c5bf62649387c\"},\"headline\":\"Quando a Vida Pede Pausa: Aprender a Respeitar o Pr\u00f3prio Cansa\u00e7o Sem Culpa\",\"datePublished\":\"2026-05-02T12:20:01+00:00\",\"mainEntityOfPage\":{\"@id\":\"https:\\\/\\\/www.prayandfaith.com\\\/quando-a-vida-pede-pausa-aprender-a-respeitar-o-proprio-cansaco-sem-culpa\\\/\"},\"wordCount\":1089,\"commentCount\":0,\"publisher\":{\"@id\":\"https:\\\/\\\/www.prayandfaith.com\\\/#organization\"},\"image\":{\"@id\":\"https:\\\/\\\/www.prayandfaith.com\\\/quando-a-vida-pede-pausa-aprender-a-respeitar-o-proprio-cansaco-sem-culpa\\\/#primaryimage\"},\"thumbnailUrl\":\"https:\\\/\\\/www.prayandfaith.com\\\/wp-content\\\/uploads\\\/2025\\\/12\\\/pausa.webp\",\"articleSection\":[\"Coisas da Vida\"],\"inLanguage\":\"es\",\"potentialAction\":[{\"@type\":\"CommentAction\",\"name\":\"Comment\",\"target\":[\"https:\\\/\\\/www.prayandfaith.com\\\/quando-a-vida-pede-pausa-aprender-a-respeitar-o-proprio-cansaco-sem-culpa\\\/#respond\"]}]},{\"@type\":\"WebPage\",\"@id\":\"https:\\\/\\\/www.prayandfaith.com\\\/quando-a-vida-pede-pausa-aprender-a-respeitar-o-proprio-cansaco-sem-culpa\\\/\",\"url\":\"https:\\\/\\\/www.prayandfaith.com\\\/quando-a-vida-pede-pausa-aprender-a-respeitar-o-proprio-cansaco-sem-culpa\\\/\",\"name\":\"Quando a Vida Pede Pausa: Aprender a Respeitar o Pr\u00f3prio Cansa\u00e7o Sem Culpa - Ora\u00e7\u00e3o e F\u00e9\",\"isPartOf\":{\"@id\":\"https:\\\/\\\/www.prayandfaith.com\\\/#website\"},\"primaryImageOfPage\":{\"@id\":\"https:\\\/\\\/www.prayandfaith.com\\\/quando-a-vida-pede-pausa-aprender-a-respeitar-o-proprio-cansaco-sem-culpa\\\/#primaryimage\"},\"image\":{\"@id\":\"https:\\\/\\\/www.prayandfaith.com\\\/quando-a-vida-pede-pausa-aprender-a-respeitar-o-proprio-cansaco-sem-culpa\\\/#primaryimage\"},\"thumbnailUrl\":\"https:\\\/\\\/www.prayandfaith.com\\\/wp-content\\\/uploads\\\/2025\\\/12\\\/pausa.webp\",\"datePublished\":\"2026-05-02T12:20:01+00:00\",\"breadcrumb\":{\"@id\":\"https:\\\/\\\/www.prayandfaith.com\\\/quando-a-vida-pede-pausa-aprender-a-respeitar-o-proprio-cansaco-sem-culpa\\\/#breadcrumb\"},\"inLanguage\":\"es\",\"potentialAction\":[{\"@type\":\"ReadAction\",\"target\":[\"https:\\\/\\\/www.prayandfaith.com\\\/quando-a-vida-pede-pausa-aprender-a-respeitar-o-proprio-cansaco-sem-culpa\\\/\"]}]},{\"@type\":\"ImageObject\",\"inLanguage\":\"es\",\"@id\":\"https:\\\/\\\/www.prayandfaith.com\\\/quando-a-vida-pede-pausa-aprender-a-respeitar-o-proprio-cansaco-sem-culpa\\\/#primaryimage\",\"url\":\"https:\\\/\\\/www.prayandfaith.com\\\/wp-content\\\/uploads\\\/2025\\\/12\\\/pausa.webp\",\"contentUrl\":\"https:\\\/\\\/www.prayandfaith.com\\\/wp-content\\\/uploads\\\/2025\\\/12\\\/pausa.webp\",\"width\":1792,\"height\":1024},{\"@type\":\"BreadcrumbList\",\"@id\":\"https:\\\/\\\/www.prayandfaith.com\\\/quando-a-vida-pede-pausa-aprender-a-respeitar-o-proprio-cansaco-sem-culpa\\\/#breadcrumb\",\"itemListElement\":[{\"@type\":\"ListItem\",\"position\":1,\"name\":\"In\u00edcio\",\"item\":\"https:\\\/\\\/www.prayandfaith.com\\\/\"},{\"@type\":\"ListItem\",\"position\":2,\"name\":\"Quando a Vida Pede Pausa: Aprender a Respeitar o Pr\u00f3prio Cansa\u00e7o Sem Culpa\"}]},{\"@type\":\"WebSite\",\"@id\":\"https:\\\/\\\/www.prayandfaith.com\\\/#website\",\"url\":\"https:\\\/\\\/www.prayandfaith.com\\\/\",\"name\":\"PrayandFaith\",\"description\":\"O poder da Ora\u00e7\u00e3o e da F\u00e9\",\"publisher\":{\"@id\":\"https:\\\/\\\/www.prayandfaith.com\\\/#organization\"},\"potentialAction\":[{\"@type\":\"SearchAction\",\"target\":{\"@type\":\"EntryPoint\",\"urlTemplate\":\"https:\\\/\\\/www.prayandfaith.com\\\/?s={search_term_string}\"},\"query-input\":{\"@type\":\"PropertyValueSpecification\",\"valueRequired\":true,\"valueName\":\"search_term_string\"}}],\"inLanguage\":\"es\"},{\"@type\":\"Organization\",\"@id\":\"https:\\\/\\\/www.prayandfaith.com\\\/#organization\",\"name\":\"PrayandFaith\",\"url\":\"https:\\\/\\\/www.prayandfaith.com\\\/\",\"logo\":{\"@type\":\"ImageObject\",\"inLanguage\":\"es\",\"@id\":\"https:\\\/\\\/www.prayandfaith.com\\\/#\\\/schema\\\/logo\\\/image\\\/\",\"url\":\"https:\\\/\\\/www.prayandfaith.com\\\/wp-content\\\/uploads\\\/2025\\\/01\\\/cropped-pray-and-faith-1.jpg\",\"contentUrl\":\"https:\\\/\\\/www.prayandfaith.com\\\/wp-content\\\/uploads\\\/2025\\\/01\\\/cropped-pray-and-faith-1.jpg\",\"width\":400,\"height\":80,\"caption\":\"PrayandFaith\"},\"image\":{\"@id\":\"https:\\\/\\\/www.prayandfaith.com\\\/#\\\/schema\\\/logo\\\/image\\\/\"}},{\"@type\":\"Person\",\"@id\":\"https:\\\/\\\/www.prayandfaith.com\\\/#\\\/schema\\\/person\\\/a082382ad454f9576c1c5bf62649387c\",\"name\":\"Ana\",\"image\":{\"@type\":\"ImageObject\",\"inLanguage\":\"es\",\"@id\":\"https:\\\/\\\/secure.gravatar.com\\\/avatar\\\/f5efa58599e07f8dd92f26c7cfbc442fd115582bc681245452e503c2ef2334f3?s=96&d=mm&r=g\",\"url\":\"https:\\\/\\\/secure.gravatar.com\\\/avatar\\\/f5efa58599e07f8dd92f26c7cfbc442fd115582bc681245452e503c2ef2334f3?s=96&d=mm&r=g\",\"contentUrl\":\"https:\\\/\\\/secure.gravatar.com\\\/avatar\\\/f5efa58599e07f8dd92f26c7cfbc442fd115582bc681245452e503c2ef2334f3?s=96&d=mm&r=g\",\"caption\":\"Ana\"},\"description\":\"Sou estudante de p\u00f3s-gradua\u00e7\u00e3o em literatura, apaixonada por escrever, e hoje fa\u00e7o parte da equipe do Pray and Faith criando diversos tipos de conte\u00fado para ajud\u00e1-lo a elevar sua f\u00e9 no universo digital. Junte-se a n\u00f3s e aproveite sua leitura!\",\"sameAs\":[\"https:\\\/\\\/www.prayandfaith.com\"],\"url\":\"https:\\\/\\\/www.prayandfaith.com\\\/es\\\/author\\\/admin\\\/\"}]}<\/script>\n<!-- \/ Yoast SEO plugin. -->","yoast_head_json":{"title":"Cuando la vida te pide una pausa: Aprender a respetar tu propio cansancio sin culpa - Oraci\u00f3n y fe","robots":{"index":"index","follow":"follow","max-snippet":"max-snippet:-1","max-image-preview":"max-image-preview:large","max-video-preview":"max-video-preview:-1"},"canonical":"https:\/\/www.prayandfaith.com\/es\/cuando-la-vida-te-pida-una-pausa-aprende-a-respetar-tu-propio-cansancio-sin-sentirte-culpable\/","og_locale":"es_ES","og_type":"article","og_title":"Quando a Vida Pede Pausa: Aprender a Respeitar o Pr\u00f3prio Cansa\u00e7o Sem Culpa - Ora\u00e7\u00e3o e F\u00e9","og_description":"Existe um momento na vida em que o corpo desacelera antes mesmo de a mente aceitar. O cansa\u00e7o se acumula, a motiva\u00e7\u00e3o diminui e tarefas simples passam a exigir um esfor\u00e7o maior do que o normal. Ainda assim, muitas pessoas insistem em continuar no mesmo ritmo, ignorando sinais claros de esgotamento. Em uma sociedade que&hellip;&nbsp;","og_url":"https:\/\/www.prayandfaith.com\/es\/cuando-la-vida-te-pida-una-pausa-aprende-a-respetar-tu-propio-cansancio-sin-sentirte-culpable\/","og_site_name":"Ora\u00e7\u00e3o e F\u00e9","article_published_time":"2026-05-02T12:20:01+00:00","og_image":[{"width":1792,"height":1024,"url":"https:\/\/www.prayandfaith.com\/wp-content\/uploads\/2025\/12\/pausa.webp","type":"image\/webp"}],"author":"Ana","twitter_card":"summary_large_image","twitter_misc":{"Escrito por":"Ana","Tiempo de lectura":"5 minutos"},"schema":{"@context":"https:\/\/schema.org","@graph":[{"@type":"Article","@id":"https:\/\/www.prayandfaith.com\/quando-a-vida-pede-pausa-aprender-a-respeitar-o-proprio-cansaco-sem-culpa\/#article","isPartOf":{"@id":"https:\/\/www.prayandfaith.com\/quando-a-vida-pede-pausa-aprender-a-respeitar-o-proprio-cansaco-sem-culpa\/"},"author":{"name":"Ana","@id":"https:\/\/www.prayandfaith.com\/#\/schema\/person\/a082382ad454f9576c1c5bf62649387c"},"headline":"Quando a Vida Pede Pausa: Aprender a Respeitar o Pr\u00f3prio Cansa\u00e7o Sem Culpa","datePublished":"2026-05-02T12:20:01+00:00","mainEntityOfPage":{"@id":"https:\/\/www.prayandfaith.com\/quando-a-vida-pede-pausa-aprender-a-respeitar-o-proprio-cansaco-sem-culpa\/"},"wordCount":1089,"commentCount":0,"publisher":{"@id":"https:\/\/www.prayandfaith.com\/#organization"},"image":{"@id":"https:\/\/www.prayandfaith.com\/quando-a-vida-pede-pausa-aprender-a-respeitar-o-proprio-cansaco-sem-culpa\/#primaryimage"},"thumbnailUrl":"https:\/\/www.prayandfaith.com\/wp-content\/uploads\/2025\/12\/pausa.webp","articleSection":["Coisas da Vida"],"inLanguage":"es","potentialAction":[{"@type":"CommentAction","name":"Comment","target":["https:\/\/www.prayandfaith.com\/quando-a-vida-pede-pausa-aprender-a-respeitar-o-proprio-cansaco-sem-culpa\/#respond"]}]},{"@type":"WebPage","@id":"https:\/\/www.prayandfaith.com\/quando-a-vida-pede-pausa-aprender-a-respeitar-o-proprio-cansaco-sem-culpa\/","url":"https:\/\/www.prayandfaith.com\/quando-a-vida-pede-pausa-aprender-a-respeitar-o-proprio-cansaco-sem-culpa\/","name":"Cuando la vida te pide una pausa: Aprender a respetar tu propio cansancio sin culpa - Oraci\u00f3n y fe","isPartOf":{"@id":"https:\/\/www.prayandfaith.com\/#website"},"primaryImageOfPage":{"@id":"https:\/\/www.prayandfaith.com\/quando-a-vida-pede-pausa-aprender-a-respeitar-o-proprio-cansaco-sem-culpa\/#primaryimage"},"image":{"@id":"https:\/\/www.prayandfaith.com\/quando-a-vida-pede-pausa-aprender-a-respeitar-o-proprio-cansaco-sem-culpa\/#primaryimage"},"thumbnailUrl":"https:\/\/www.prayandfaith.com\/wp-content\/uploads\/2025\/12\/pausa.webp","datePublished":"2026-05-02T12:20:01+00:00","breadcrumb":{"@id":"https:\/\/www.prayandfaith.com\/quando-a-vida-pede-pausa-aprender-a-respeitar-o-proprio-cansaco-sem-culpa\/#breadcrumb"},"inLanguage":"es","potentialAction":[{"@type":"ReadAction","target":["https:\/\/www.prayandfaith.com\/quando-a-vida-pede-pausa-aprender-a-respeitar-o-proprio-cansaco-sem-culpa\/"]}]},{"@type":"ImageObject","inLanguage":"es","@id":"https:\/\/www.prayandfaith.com\/quando-a-vida-pede-pausa-aprender-a-respeitar-o-proprio-cansaco-sem-culpa\/#primaryimage","url":"https:\/\/www.prayandfaith.com\/wp-content\/uploads\/2025\/12\/pausa.webp","contentUrl":"https:\/\/www.prayandfaith.com\/wp-content\/uploads\/2025\/12\/pausa.webp","width":1792,"height":1024},{"@type":"BreadcrumbList","@id":"https:\/\/www.prayandfaith.com\/quando-a-vida-pede-pausa-aprender-a-respeitar-o-proprio-cansaco-sem-culpa\/#breadcrumb","itemListElement":[{"@type":"ListItem","position":1,"name":"In\u00edcio","item":"https:\/\/www.prayandfaith.com\/"},{"@type":"ListItem","position":2,"name":"Quando a Vida Pede Pausa: Aprender a Respeitar o Pr\u00f3prio Cansa\u00e7o Sem Culpa"}]},{"@type":"WebSite","@id":"https:\/\/www.prayandfaith.com\/#website","url":"https:\/\/www.prayandfaith.com\/","name":"Oraci\u00f3n y fe","description":"El poder de la oraci\u00f3n y la fe","publisher":{"@id":"https:\/\/www.prayandfaith.com\/#organization"},"potentialAction":[{"@type":"SearchAction","target":{"@type":"EntryPoint","urlTemplate":"https:\/\/www.prayandfaith.com\/?s={search_term_string}"},"query-input":{"@type":"PropertyValueSpecification","valueRequired":true,"valueName":"search_term_string"}}],"inLanguage":"es"},{"@type":"Organization","@id":"https:\/\/www.prayandfaith.com\/#organization","name":"Oraci\u00f3n y fe","url":"https:\/\/www.prayandfaith.com\/","logo":{"@type":"ImageObject","inLanguage":"es","@id":"https:\/\/www.prayandfaith.com\/#\/schema\/logo\/image\/","url":"https:\/\/www.prayandfaith.com\/wp-content\/uploads\/2025\/01\/cropped-pray-and-faith-1.jpg","contentUrl":"https:\/\/www.prayandfaith.com\/wp-content\/uploads\/2025\/01\/cropped-pray-and-faith-1.jpg","width":400,"height":80,"caption":"PrayandFaith"},"image":{"@id":"https:\/\/www.prayandfaith.com\/#\/schema\/logo\/image\/"}},{"@type":"Person","@id":"https:\/\/www.prayandfaith.com\/#\/schema\/person\/a082382ad454f9576c1c5bf62649387c","name":"Enano","image":{"@type":"ImageObject","inLanguage":"es","@id":"https:\/\/secure.gravatar.com\/avatar\/f5efa58599e07f8dd92f26c7cfbc442fd115582bc681245452e503c2ef2334f3?s=96&d=mm&r=g","url":"https:\/\/secure.gravatar.com\/avatar\/f5efa58599e07f8dd92f26c7cfbc442fd115582bc681245452e503c2ef2334f3?s=96&d=mm&r=g","contentUrl":"https:\/\/secure.gravatar.com\/avatar\/f5efa58599e07f8dd92f26c7cfbc442fd115582bc681245452e503c2ef2334f3?s=96&d=mm&r=g","caption":"Ana"},"description":"Soy estudiante de posgrado en literatura, me apasiona escribir y hoy formo parte del equipo de Oraci\u00f3n y Fe, donde creo diversos tipos de contenido para ayudarte a fortalecer tu fe en el mundo digital. \u00a1\u00danete y disfruta de la lectura!","sameAs":["https:\/\/www.prayandfaith.com"],"url":"https:\/\/www.prayandfaith.com\/es\/author\/admin\/"}]}},"_links":{"self":[{"href":"https:\/\/www.prayandfaith.com\/es\/wp-json\/wp\/v2\/posts\/2092","targetHints":{"allow":["GET"]}}],"collection":[{"href":"https:\/\/www.prayandfaith.com\/es\/wp-json\/wp\/v2\/posts"}],"about":[{"href":"https:\/\/www.prayandfaith.com\/es\/wp-json\/wp\/v2\/types\/post"}],"author":[{"embeddable":true,"href":"https:\/\/www.prayandfaith.com\/es\/wp-json\/wp\/v2\/users\/1"}],"replies":[{"embeddable":true,"href":"https:\/\/www.prayandfaith.com\/es\/wp-json\/wp\/v2\/comments?post=2092"}],"version-history":[{"count":1,"href":"https:\/\/www.prayandfaith.com\/es\/wp-json\/wp\/v2\/posts\/2092\/revisions"}],"predecessor-version":[{"id":2094,"href":"https:\/\/www.prayandfaith.com\/es\/wp-json\/wp\/v2\/posts\/2092\/revisions\/2094"}],"wp:featuredmedia":[{"embeddable":true,"href":"https:\/\/www.prayandfaith.com\/es\/wp-json\/wp\/v2\/media\/2093"}],"wp:attachment":[{"href":"https:\/\/www.prayandfaith.com\/es\/wp-json\/wp\/v2\/media?parent=2092"}],"wp:term":[{"taxonomy":"category","embeddable":true,"href":"https:\/\/www.prayandfaith.com\/es\/wp-json\/wp\/v2\/categories?post=2092"},{"taxonomy":"post_tag","embeddable":true,"href":"https:\/\/www.prayandfaith.com\/es\/wp-json\/wp\/v2\/tags?post=2092"}],"curies":[{"name":"gracias","href":"https:\/\/api.w.org\/{rel}","templated":true}]}}