{"id":2077,"date":"2025-12-14T09:04:49","date_gmt":"2025-12-14T12:04:49","guid":{"rendered":"https:\/\/www.prayandfaith.com\/?p=2077"},"modified":"2025-12-14T09:04:53","modified_gmt":"2025-12-14T12:04:53","slug":"cuando-todo-sale-mal-a-la-vez-como-encontrar-fuerza-durante-los-momentos-mas-dificiles-de-la-vida","status":"publish","type":"post","link":"https:\/\/www.prayandfaith.com\/es\/quando-tudo-da-errado-ao-mesmo-tempo-como-encontrar-forca-nos-momentos-mais-dificeis-da-vida\/","title":{"rendered":"Cuando todo sale mal al mismo tiempo: C\u00f3mo encontrar fuerza en los momentos m\u00e1s dif\u00edciles de la vida"},"content":{"rendered":"<p>Hay momentos en la vida en los que parece que todo sale mal a la vez. Problemas financieros, conflictos familiares, p\u00e9rdidas emocionales, frustraciones profesionales y agotamiento mental surgen simult\u00e1neamente, creando la sensaci\u00f3n de que no hay salida. En estos per\u00edodos, es com\u00fan sentir que la vida ha perdido el equilibrio y que cualquier esfuerzo parece insuficiente.<\/p>\n\n\n\n<p>Estas fases no eligen la edad, la clase social ni el momento ideal. Simplemente ocurren. Y cuando ocurren, ponen a prueba nuestra capacidad de continuar, incluso sin claridad, incluso sin respuestas inmediatas. Este texto no trata de soluciones m\u00e1gicas, sino de... <strong>Para entender qu\u00e9 pasa cuando la vida te agobia.<\/strong>, reconocer sentimientos y descubrir que es posible superar estos momentos con m\u00e1s conciencia y menos culpa.<\/p>\n\n\n\n<h2 class=\"wp-block-heading\">La sensaci\u00f3n de sobrecarga emocional<\/h2>\n\n\n\n<p>Cuando surgen muchos problemas a la vez, el cerebro entra en un estado de alerta constante. Los pensamientos se acumulan, el descanso parece imposible y el futuro se convierte en una fuente de ansiedad. Las peque\u00f1as tareas empiezan a requerir un esfuerzo enorme, e incluso las decisiones sencillas parecen pesadas.<\/p>\n\n\n\n<p>Esta sobrecarga emocional no significa debilidad. Al contrario, es una respuesta natural del cuerpo y la mente a un exceso de est\u00edmulos negativos. Ignorar este estado o intentar &quot;seguir con normalidad&quot; puede agravar la tensi\u00f3n interna.<\/p>\n\n\n\n<p>Reconocer que algo anda mal es el primer paso para afrontar la situaci\u00f3n de una manera m\u00e1s saludable.<\/p>\n\n\n\n<h2 class=\"wp-block-heading\">\u00bfPor qu\u00e9 parece que los problemas vienen juntos?<\/h2>\n\n\n\n<p>Mucha gente se pregunta por qu\u00e9 los desaf\u00edos parecen surgir en grupos, en lugar de aislados. La explicaci\u00f3n no radica en la mala suerte ni en el castigo, sino en la estructura de la vida. Cuando un \u00e1rea importante se desequilibra, otras tienden a verse afectadas.<\/p>\n\n\n\n<p>Un problema financiero puede generar estr\u00e9s emocional. El estr\u00e9s emocional puede afectar las relaciones. Las relaciones tensas afectan el desempe\u00f1o profesional. Esta reacci\u00f3n en cadena crea la impresi\u00f3n de que todo se derrumba a la vez.<\/p>\n\n\n\n<p>Comprender este proceso ayuda a reducir la autocr\u00edtica y la culpa excesiva.<\/p>\n\n\n\n<h2 class=\"wp-block-heading\">La carga de intentar ser fuerte todo el tiempo.<\/h2>\n\n\n\n<p>Existe una fuerte expectativa social de que las personas deben ser resilientes en todo momento. Frases como &quot;s\u00e9 fuerte&quot;, &quot;ya pasar\u00e1&quot; o &quot;podr\u00eda ser peor&quot; suelen decirse con buena intenci\u00f3n, pero suelen invalidar el sufrimiento real de quienes atraviesan dificultades.<\/p>\n\n\n\n<p>Ser fuerte no significa no sentir dolor. Ser fuerte, la mayor\u00eda de las veces, significa... <strong>Continuar incluso cuando est\u00e9 cansado<\/strong>, <strong>Llora cuando lo necesites<\/strong>, <strong>Pide ayuda cuando ya no puedas m\u00e1s.<\/strong>. La verdadera fuerza no reside en la ausencia de debilidad, sino en la capacidad de reconocerla sin verg\u00fcenza.<\/p>\n\n\n\n<p>Permitirse sentir es una parte esencial del proceso de recuperaci\u00f3n.<\/p>\n\n\n\n<h2 class=\"wp-block-heading\">El impacto emocional de las p\u00e9rdidas invisibles.<\/h2>\n\n\n\n<p>No todas las p\u00e9rdidas son concretas ni se reconocen socialmente. Hay p\u00e9rdidas silenciosas que duelen profundamente: sue\u00f1os que no se hicieron realidad, relaciones que no funcionaron, oportunidades que se perdieron, versiones de nosotros mismos que quedaron atr\u00e1s.<\/p>\n\n\n\n<p>Estas p\u00e9rdidas invisibles suelen subestimarse, incluso por quienes las experimentan. Sin embargo, generan dolor emocional, frustraci\u00f3n y, a menudo, una sensaci\u00f3n de vac\u00edo. Ignorar este dolor interno puede prolongar el sufrimiento.<\/p>\n\n\n\n<p>Reconocer estas p\u00e9rdidas es un paso importante para avanzar de forma m\u00e1s consciente.<\/p>\n\n\n\n<h2 class=\"wp-block-heading\">Cuando la fatiga no es f\u00edsica<\/h2>\n\n\n\n<p>Hay momentos en que el cuerpo descansa, pero la mente no. Esta fatiga mental se manifiesta como falta de concentraci\u00f3n, irritaci\u00f3n constante, sensaci\u00f3n de agotamiento y dificultad para encontrar placer en las cosas sencillas.<\/p>\n\n\n\n<p>Este tipo de agotamiento es com\u00fan durante per\u00edodos prolongados de estr\u00e9s emocional. No se resuelve simplemente con dormir o con tiempo libre ocasional. Es necesario reducir las presiones internas, las expectativas poco realistas y las exigencias excesivas.<\/p>\n\n\n\n<p>Cuidar tu mente es tan esencial como cuidar tu cuerpo.<\/p>\n\n\n\n<h2 class=\"wp-block-heading\">La importancia de reducir la velocidad sin culpa.<\/h2>\n\n\n\n<p>En una sociedad que valora la productividad constante, reducir el ritmo podr\u00eda parecer un fracaso. Sin embargo, en tiempos dif\u00edciles, <strong>reducir los requisitos<\/strong> Es un acto de autocuidado, no de rendirse.<\/p>\n\n\n\n<p>Bajar el ritmo significa ajustar las expectativas, priorizar lo esencial y aceptar que no todo se resolver\u00e1 r\u00e1pidamente. Este cambio permite dirigir la energ\u00eda hacia lo que realmente importa en el momento.<\/p>\n\n\n\n<p>Respetar tus l\u00edmites es una forma de conservar la fuerza para continuar.<\/p>\n\n\n\n<h2 class=\"wp-block-heading\">Encontrando apoyo en los lugares adecuados.<\/h2>\n\n\n\n<p>No todos saben escuchar, consolar o brindar apoyo de forma saludable. En momentos dif\u00edciles, es importante elegir con cuidado con qui\u00e9n compartir el dolor. A veces, una conversaci\u00f3n sincera con alguien de confianza es m\u00e1s efectiva que muchos consejos vanos.<\/p>\n\n\n\n<p>Buscar apoyo no es se\u00f1al de dependencia, sino de madurez emocional. Nadie est\u00e1 hecho para afrontar todo solo. El apoyo puede provenir de amigos, familiares, profesionales o incluso espacios de reflexi\u00f3n personal.<\/p>\n\n\n\n<p>Lo importante es no aislarse por completo.<\/p>\n\n\n\n<h2 class=\"wp-block-heading\">Peque\u00f1os gestos que ayudan a superar los d\u00edas dif\u00edciles.<\/h2>\n\n\n\n<p>Cuando la vida parece demasiado pesada, pensar en grandes cambios puede ser paralizante. En esos momentos, los peque\u00f1os gestos marcan la diferencia: mantener una rutina b\u00e1sica, salir a caminar, anotar tus pensamientos, cuidar tu entorno o simplemente descansar sin remordimientos.<\/p>\n\n\n\n<p>Estas sencillas acciones no lo solucionan todo, pero ayudan a crear peque\u00f1as islas de estabilidad en medio del caos. Act\u00faan como puntos de apoyo mientras se lleva a cabo el proceso de recuperaci\u00f3n.<\/p>\n\n\n\n<p>Avanzar paso a paso sigue siendo progreso.<\/p>\n\n\n\n<h2 class=\"wp-block-heading\">El tiempo como aliado, no como enemigo.<\/h2>\n\n\n\n<p>Muchos dolores no se alivian r\u00e1pidamente. Esperar una recuperaci\u00f3n inmediata solo aumenta la frustraci\u00f3n. El tiempo no lo borra todo, pero nos permite reorganizar sentimientos, replantear experiencias y recuperar fuerzas.<\/p>\n\n\n\n<p>Aceptar que el proceso lleva tiempo no significa rendirse, sino confiar en que el momento presente no define toda la historia. La vida sigue adelante, incluso cuando parece estancada.<\/p>\n\n\n\n<p>Dar tiempo al tiempo es un ejercicio de paciencia y compasi\u00f3n hacia uno mismo.<\/p>\n\n\n\n<h2 class=\"wp-block-heading\">Lecciones aprendidas en tiempos dif\u00edciles.<\/h2>\n\n\n\n<p>A pesar del sufrimiento, los momentos dif\u00edciles suelen traer lecciones profundas. Ense\u00f1an l\u00edmites, prioridades, autoconciencia y empat\u00eda. Muchas personas descubren fortalezas que desconoc\u00edan tener precisamente cuando se enfrentan a desaf\u00edos.<\/p>\n\n\n\n<p>Estas lecciones no se aprenden de inmediato ni deben idealizarse. Surgen gradualmente, a medida que el dolor se comprende y se integra en la historia personal.<\/p>\n\n\n\n<p>Crecer no significa agradecer el dolor, sino aprender de \u00e9l siempre que sea posible.<\/p>\n\n\n\n<h2 class=\"wp-block-heading\">La esperanza que no hace ruido.<\/h2>\n\n\n\n<p>La esperanza no siempre llega en forma de entusiasmo u optimismo. A menudo, aparece silenciosamente: en la decisi\u00f3n de levantarse de la cama, en un pensamiento menos agobiante, en un d\u00eda un poco mejor que el anterior.<\/p>\n\n\n\n<p>Esta silenciosa esperanza es poderosa. Sostiene la continuidad, incluso cuando todo parece incierto. Reconocer estas peque\u00f1as se\u00f1ales ayuda a mantener el equilibrio emocional.<\/p>\n\n\n\n<p>La esperanza no es la ausencia de dolor, es la elecci\u00f3n de continuar a pesar de \u00e9l.<\/p>\n\n\n\n<h2 class=\"wp-block-heading\">Conclusi\u00f3n<\/h2>\n\n\n\n<p>Cuando todo sale mal a la vez, es natural sentirse perdido, cansado y abrumado. Estos momentos son parte de la experiencia humana y no definen qui\u00e9n eres ni c\u00f3mo ser\u00e1 tu vida en el futuro.<\/p>\n\n\n\n<p>Respetar tus sentimientos, reducir las exigencias, buscar apoyo y darte tiempo para que haga su trabajo son actitudes que te ayudan a superar las etapas dif\u00edciles con mayor consciencia y menos sufrimiento innecesario. En la categor\u00eda <strong>Cosas de la vida<\/strong>, Este art\u00edculo existe para recordarte que no est\u00e1s solo y que, incluso en los d\u00edas m\u00e1s dif\u00edciles, continuar es un acto de valent\u00eda.<\/p>","protected":false},"excerpt":{"rendered":"<p>Existem momentos na vida em que parece que tudo d\u00e1 errado de uma vez s\u00f3. Problemas financeiros, conflitos familiares, perdas emocionais, frustra\u00e7\u00f5es profissionais e cansa\u00e7o mental surgem ao mesmo tempo, criando a sensa\u00e7\u00e3o de que n\u00e3o h\u00e1 sa\u00edda. Nesses per\u00edodos, \u00e9 comum sentir que a vida perdeu o equil\u00edbrio e que qualquer esfor\u00e7o parece insuficiente.&hellip;&nbsp;<\/p>","protected":false},"author":1,"featured_media":2078,"comment_status":"open","ping_status":"open","sticky":false,"template":"","format":"standard","meta":{"neve_meta_sidebar":"","neve_meta_container":"","neve_meta_enable_content_width":"","neve_meta_content_width":0,"neve_meta_title_alignment":"","neve_meta_author_avatar":"","neve_post_elements_order":"","neve_meta_disable_header":"","neve_meta_disable_footer":"","neve_meta_disable_title":"","footnotes":""},"categories":[5],"tags":[],"class_list":["post-2077","post","type-post","status-publish","format-standard","has-post-thumbnail","hentry","category-coisas-vida"],"yoast_head":"<!-- This site is optimized with the Yoast SEO plugin v27.5 - https:\/\/yoast.com\/product\/yoast-seo-wordpress\/ -->\n<title>Quando Tudo D\u00e1 Errado ao Mesmo Tempo: Como Encontrar For\u00e7a nos Momentos Mais Dif\u00edceis da Vida - Ora\u00e7\u00e3o e F\u00e9<\/title>\n<meta name=\"robots\" content=\"index, follow, max-snippet:-1, max-image-preview:large, max-video-preview:-1\" \/>\n<link rel=\"canonical\" href=\"https:\/\/www.prayandfaith.com\/es\/cuando-todo-sale-mal-a-la-vez-como-encontrar-fuerza-durante-los-momentos-mas-dificiles-de-la-vida\/\" \/>\n<meta property=\"og:locale\" content=\"es_ES\" \/>\n<meta property=\"og:type\" content=\"article\" \/>\n<meta property=\"og:title\" content=\"Quando Tudo D\u00e1 Errado ao Mesmo Tempo: Como Encontrar For\u00e7a nos Momentos Mais Dif\u00edceis da Vida - Ora\u00e7\u00e3o e F\u00e9\" \/>\n<meta property=\"og:description\" content=\"Existem momentos na vida em que parece que tudo d\u00e1 errado de uma vez s\u00f3. Problemas financeiros, conflitos familiares, perdas emocionais, frustra\u00e7\u00f5es profissionais e cansa\u00e7o mental surgem ao mesmo tempo, criando a sensa\u00e7\u00e3o de que n\u00e3o h\u00e1 sa\u00edda. Nesses per\u00edodos, \u00e9 comum sentir que a vida perdeu o equil\u00edbrio e que qualquer esfor\u00e7o parece insuficiente.&hellip;&nbsp;\" \/>\n<meta property=\"og:url\" content=\"https:\/\/www.prayandfaith.com\/es\/cuando-todo-sale-mal-a-la-vez-como-encontrar-fuerza-durante-los-momentos-mas-dificiles-de-la-vida\/\" \/>\n<meta property=\"og:site_name\" content=\"Ora\u00e7\u00e3o e F\u00e9\" \/>\n<meta property=\"article:published_time\" content=\"2025-12-14T12:04:49+00:00\" \/>\n<meta property=\"article:modified_time\" content=\"2025-12-14T12:04:53+00:00\" \/>\n<meta property=\"og:image\" content=\"https:\/\/www.prayandfaith.com\/wp-content\/uploads\/2025\/12\/momentos-dificeis.webp\" \/>\n\t<meta property=\"og:image:width\" content=\"1792\" \/>\n\t<meta property=\"og:image:height\" content=\"1024\" \/>\n\t<meta property=\"og:image:type\" content=\"image\/webp\" \/>\n<meta name=\"author\" content=\"Ana\" \/>\n<meta name=\"twitter:card\" content=\"summary_large_image\" \/>\n<meta name=\"twitter:label1\" content=\"Escrito por\" \/>\n\t<meta name=\"twitter:data1\" content=\"Ana\" \/>\n\t<meta name=\"twitter:label2\" content=\"Tiempo de lectura\" \/>\n\t<meta name=\"twitter:data2\" content=\"6 minutos\" \/>\n<script type=\"application\/ld+json\" class=\"yoast-schema-graph\">{\"@context\":\"https:\\\/\\\/schema.org\",\"@graph\":[{\"@type\":\"Article\",\"@id\":\"https:\\\/\\\/www.prayandfaith.com\\\/quando-tudo-da-errado-ao-mesmo-tempo-como-encontrar-forca-nos-momentos-mais-dificeis-da-vida\\\/#article\",\"isPartOf\":{\"@id\":\"https:\\\/\\\/www.prayandfaith.com\\\/quando-tudo-da-errado-ao-mesmo-tempo-como-encontrar-forca-nos-momentos-mais-dificeis-da-vida\\\/\"},\"author\":{\"name\":\"Ana\",\"@id\":\"https:\\\/\\\/www.prayandfaith.com\\\/#\\\/schema\\\/person\\\/a082382ad454f9576c1c5bf62649387c\"},\"headline\":\"Quando Tudo D\u00e1 Errado ao Mesmo Tempo: Como Encontrar For\u00e7a nos Momentos Mais Dif\u00edceis da Vida\",\"datePublished\":\"2025-12-14T12:04:49+00:00\",\"dateModified\":\"2025-12-14T12:04:53+00:00\",\"mainEntityOfPage\":{\"@id\":\"https:\\\/\\\/www.prayandfaith.com\\\/quando-tudo-da-errado-ao-mesmo-tempo-como-encontrar-forca-nos-momentos-mais-dificeis-da-vida\\\/\"},\"wordCount\":1299,\"commentCount\":0,\"publisher\":{\"@id\":\"https:\\\/\\\/www.prayandfaith.com\\\/#organization\"},\"image\":{\"@id\":\"https:\\\/\\\/www.prayandfaith.com\\\/quando-tudo-da-errado-ao-mesmo-tempo-como-encontrar-forca-nos-momentos-mais-dificeis-da-vida\\\/#primaryimage\"},\"thumbnailUrl\":\"https:\\\/\\\/www.prayandfaith.com\\\/wp-content\\\/uploads\\\/2025\\\/12\\\/momentos-dificeis.webp\",\"articleSection\":[\"Coisas da Vida\"],\"inLanguage\":\"es\",\"potentialAction\":[{\"@type\":\"CommentAction\",\"name\":\"Comment\",\"target\":[\"https:\\\/\\\/www.prayandfaith.com\\\/quando-tudo-da-errado-ao-mesmo-tempo-como-encontrar-forca-nos-momentos-mais-dificeis-da-vida\\\/#respond\"]}]},{\"@type\":\"WebPage\",\"@id\":\"https:\\\/\\\/www.prayandfaith.com\\\/quando-tudo-da-errado-ao-mesmo-tempo-como-encontrar-forca-nos-momentos-mais-dificeis-da-vida\\\/\",\"url\":\"https:\\\/\\\/www.prayandfaith.com\\\/quando-tudo-da-errado-ao-mesmo-tempo-como-encontrar-forca-nos-momentos-mais-dificeis-da-vida\\\/\",\"name\":\"Quando Tudo D\u00e1 Errado ao Mesmo Tempo: Como Encontrar For\u00e7a nos Momentos Mais Dif\u00edceis da Vida - Ora\u00e7\u00e3o e F\u00e9\",\"isPartOf\":{\"@id\":\"https:\\\/\\\/www.prayandfaith.com\\\/#website\"},\"primaryImageOfPage\":{\"@id\":\"https:\\\/\\\/www.prayandfaith.com\\\/quando-tudo-da-errado-ao-mesmo-tempo-como-encontrar-forca-nos-momentos-mais-dificeis-da-vida\\\/#primaryimage\"},\"image\":{\"@id\":\"https:\\\/\\\/www.prayandfaith.com\\\/quando-tudo-da-errado-ao-mesmo-tempo-como-encontrar-forca-nos-momentos-mais-dificeis-da-vida\\\/#primaryimage\"},\"thumbnailUrl\":\"https:\\\/\\\/www.prayandfaith.com\\\/wp-content\\\/uploads\\\/2025\\\/12\\\/momentos-dificeis.webp\",\"datePublished\":\"2025-12-14T12:04:49+00:00\",\"dateModified\":\"2025-12-14T12:04:53+00:00\",\"breadcrumb\":{\"@id\":\"https:\\\/\\\/www.prayandfaith.com\\\/quando-tudo-da-errado-ao-mesmo-tempo-como-encontrar-forca-nos-momentos-mais-dificeis-da-vida\\\/#breadcrumb\"},\"inLanguage\":\"es\",\"potentialAction\":[{\"@type\":\"ReadAction\",\"target\":[\"https:\\\/\\\/www.prayandfaith.com\\\/quando-tudo-da-errado-ao-mesmo-tempo-como-encontrar-forca-nos-momentos-mais-dificeis-da-vida\\\/\"]}]},{\"@type\":\"ImageObject\",\"inLanguage\":\"es\",\"@id\":\"https:\\\/\\\/www.prayandfaith.com\\\/quando-tudo-da-errado-ao-mesmo-tempo-como-encontrar-forca-nos-momentos-mais-dificeis-da-vida\\\/#primaryimage\",\"url\":\"https:\\\/\\\/www.prayandfaith.com\\\/wp-content\\\/uploads\\\/2025\\\/12\\\/momentos-dificeis.webp\",\"contentUrl\":\"https:\\\/\\\/www.prayandfaith.com\\\/wp-content\\\/uploads\\\/2025\\\/12\\\/momentos-dificeis.webp\",\"width\":1792,\"height\":1024},{\"@type\":\"BreadcrumbList\",\"@id\":\"https:\\\/\\\/www.prayandfaith.com\\\/quando-tudo-da-errado-ao-mesmo-tempo-como-encontrar-forca-nos-momentos-mais-dificeis-da-vida\\\/#breadcrumb\",\"itemListElement\":[{\"@type\":\"ListItem\",\"position\":1,\"name\":\"In\u00edcio\",\"item\":\"https:\\\/\\\/www.prayandfaith.com\\\/\"},{\"@type\":\"ListItem\",\"position\":2,\"name\":\"Quando Tudo D\u00e1 Errado ao Mesmo Tempo: Como Encontrar For\u00e7a nos Momentos Mais Dif\u00edceis da Vida\"}]},{\"@type\":\"WebSite\",\"@id\":\"https:\\\/\\\/www.prayandfaith.com\\\/#website\",\"url\":\"https:\\\/\\\/www.prayandfaith.com\\\/\",\"name\":\"PrayandFaith\",\"description\":\"O poder da Ora\u00e7\u00e3o e da F\u00e9\",\"publisher\":{\"@id\":\"https:\\\/\\\/www.prayandfaith.com\\\/#organization\"},\"potentialAction\":[{\"@type\":\"SearchAction\",\"target\":{\"@type\":\"EntryPoint\",\"urlTemplate\":\"https:\\\/\\\/www.prayandfaith.com\\\/?s={search_term_string}\"},\"query-input\":{\"@type\":\"PropertyValueSpecification\",\"valueRequired\":true,\"valueName\":\"search_term_string\"}}],\"inLanguage\":\"es\"},{\"@type\":\"Organization\",\"@id\":\"https:\\\/\\\/www.prayandfaith.com\\\/#organization\",\"name\":\"PrayandFaith\",\"url\":\"https:\\\/\\\/www.prayandfaith.com\\\/\",\"logo\":{\"@type\":\"ImageObject\",\"inLanguage\":\"es\",\"@id\":\"https:\\\/\\\/www.prayandfaith.com\\\/#\\\/schema\\\/logo\\\/image\\\/\",\"url\":\"https:\\\/\\\/www.prayandfaith.com\\\/wp-content\\\/uploads\\\/2025\\\/01\\\/cropped-pray-and-faith-1.jpg\",\"contentUrl\":\"https:\\\/\\\/www.prayandfaith.com\\\/wp-content\\\/uploads\\\/2025\\\/01\\\/cropped-pray-and-faith-1.jpg\",\"width\":400,\"height\":80,\"caption\":\"PrayandFaith\"},\"image\":{\"@id\":\"https:\\\/\\\/www.prayandfaith.com\\\/#\\\/schema\\\/logo\\\/image\\\/\"}},{\"@type\":\"Person\",\"@id\":\"https:\\\/\\\/www.prayandfaith.com\\\/#\\\/schema\\\/person\\\/a082382ad454f9576c1c5bf62649387c\",\"name\":\"Ana\",\"image\":{\"@type\":\"ImageObject\",\"inLanguage\":\"es\",\"@id\":\"https:\\\/\\\/secure.gravatar.com\\\/avatar\\\/f5efa58599e07f8dd92f26c7cfbc442fd115582bc681245452e503c2ef2334f3?s=96&d=mm&r=g\",\"url\":\"https:\\\/\\\/secure.gravatar.com\\\/avatar\\\/f5efa58599e07f8dd92f26c7cfbc442fd115582bc681245452e503c2ef2334f3?s=96&d=mm&r=g\",\"contentUrl\":\"https:\\\/\\\/secure.gravatar.com\\\/avatar\\\/f5efa58599e07f8dd92f26c7cfbc442fd115582bc681245452e503c2ef2334f3?s=96&d=mm&r=g\",\"caption\":\"Ana\"},\"description\":\"Sou estudante de p\u00f3s-gradua\u00e7\u00e3o em literatura, apaixonada por escrever, e hoje fa\u00e7o parte da equipe do Pray and Faith criando diversos tipos de conte\u00fado para ajud\u00e1-lo a elevar sua f\u00e9 no universo digital. Junte-se a n\u00f3s e aproveite sua leitura!\",\"sameAs\":[\"https:\\\/\\\/www.prayandfaith.com\"],\"url\":\"https:\\\/\\\/www.prayandfaith.com\\\/es\\\/author\\\/admin\\\/\"}]}<\/script>\n<!-- \/ Yoast SEO plugin. -->","yoast_head_json":{"title":"Cuando todo sale mal al mismo tiempo: C\u00f3mo encontrar fuerza en los momentos m\u00e1s dif\u00edciles de la vida - Oraci\u00f3n y fe","robots":{"index":"index","follow":"follow","max-snippet":"max-snippet:-1","max-image-preview":"max-image-preview:large","max-video-preview":"max-video-preview:-1"},"canonical":"https:\/\/www.prayandfaith.com\/es\/cuando-todo-sale-mal-a-la-vez-como-encontrar-fuerza-durante-los-momentos-mas-dificiles-de-la-vida\/","og_locale":"es_ES","og_type":"article","og_title":"Quando Tudo D\u00e1 Errado ao Mesmo Tempo: Como Encontrar For\u00e7a nos Momentos Mais Dif\u00edceis da Vida - Ora\u00e7\u00e3o e F\u00e9","og_description":"Existem momentos na vida em que parece que tudo d\u00e1 errado de uma vez s\u00f3. Problemas financeiros, conflitos familiares, perdas emocionais, frustra\u00e7\u00f5es profissionais e cansa\u00e7o mental surgem ao mesmo tempo, criando a sensa\u00e7\u00e3o de que n\u00e3o h\u00e1 sa\u00edda. Nesses per\u00edodos, \u00e9 comum sentir que a vida perdeu o equil\u00edbrio e que qualquer esfor\u00e7o parece insuficiente.&hellip;&nbsp;","og_url":"https:\/\/www.prayandfaith.com\/es\/cuando-todo-sale-mal-a-la-vez-como-encontrar-fuerza-durante-los-momentos-mas-dificiles-de-la-vida\/","og_site_name":"Ora\u00e7\u00e3o e F\u00e9","article_published_time":"2025-12-14T12:04:49+00:00","article_modified_time":"2025-12-14T12:04:53+00:00","og_image":[{"width":1792,"height":1024,"url":"https:\/\/www.prayandfaith.com\/wp-content\/uploads\/2025\/12\/momentos-dificeis.webp","type":"image\/webp"}],"author":"Ana","twitter_card":"summary_large_image","twitter_misc":{"Escrito por":"Ana","Tiempo de lectura":"6 minutos"},"schema":{"@context":"https:\/\/schema.org","@graph":[{"@type":"Article","@id":"https:\/\/www.prayandfaith.com\/quando-tudo-da-errado-ao-mesmo-tempo-como-encontrar-forca-nos-momentos-mais-dificeis-da-vida\/#article","isPartOf":{"@id":"https:\/\/www.prayandfaith.com\/quando-tudo-da-errado-ao-mesmo-tempo-como-encontrar-forca-nos-momentos-mais-dificeis-da-vida\/"},"author":{"name":"Ana","@id":"https:\/\/www.prayandfaith.com\/#\/schema\/person\/a082382ad454f9576c1c5bf62649387c"},"headline":"Quando Tudo D\u00e1 Errado ao Mesmo Tempo: Como Encontrar For\u00e7a nos Momentos Mais Dif\u00edceis da Vida","datePublished":"2025-12-14T12:04:49+00:00","dateModified":"2025-12-14T12:04:53+00:00","mainEntityOfPage":{"@id":"https:\/\/www.prayandfaith.com\/quando-tudo-da-errado-ao-mesmo-tempo-como-encontrar-forca-nos-momentos-mais-dificeis-da-vida\/"},"wordCount":1299,"commentCount":0,"publisher":{"@id":"https:\/\/www.prayandfaith.com\/#organization"},"image":{"@id":"https:\/\/www.prayandfaith.com\/quando-tudo-da-errado-ao-mesmo-tempo-como-encontrar-forca-nos-momentos-mais-dificeis-da-vida\/#primaryimage"},"thumbnailUrl":"https:\/\/www.prayandfaith.com\/wp-content\/uploads\/2025\/12\/momentos-dificeis.webp","articleSection":["Coisas da Vida"],"inLanguage":"es","potentialAction":[{"@type":"CommentAction","name":"Comment","target":["https:\/\/www.prayandfaith.com\/quando-tudo-da-errado-ao-mesmo-tempo-como-encontrar-forca-nos-momentos-mais-dificeis-da-vida\/#respond"]}]},{"@type":"WebPage","@id":"https:\/\/www.prayandfaith.com\/quando-tudo-da-errado-ao-mesmo-tempo-como-encontrar-forca-nos-momentos-mais-dificeis-da-vida\/","url":"https:\/\/www.prayandfaith.com\/quando-tudo-da-errado-ao-mesmo-tempo-como-encontrar-forca-nos-momentos-mais-dificeis-da-vida\/","name":"Cuando todo sale mal al mismo tiempo: C\u00f3mo encontrar fuerza en los momentos m\u00e1s dif\u00edciles de la vida - Oraci\u00f3n y fe","isPartOf":{"@id":"https:\/\/www.prayandfaith.com\/#website"},"primaryImageOfPage":{"@id":"https:\/\/www.prayandfaith.com\/quando-tudo-da-errado-ao-mesmo-tempo-como-encontrar-forca-nos-momentos-mais-dificeis-da-vida\/#primaryimage"},"image":{"@id":"https:\/\/www.prayandfaith.com\/quando-tudo-da-errado-ao-mesmo-tempo-como-encontrar-forca-nos-momentos-mais-dificeis-da-vida\/#primaryimage"},"thumbnailUrl":"https:\/\/www.prayandfaith.com\/wp-content\/uploads\/2025\/12\/momentos-dificeis.webp","datePublished":"2025-12-14T12:04:49+00:00","dateModified":"2025-12-14T12:04:53+00:00","breadcrumb":{"@id":"https:\/\/www.prayandfaith.com\/quando-tudo-da-errado-ao-mesmo-tempo-como-encontrar-forca-nos-momentos-mais-dificeis-da-vida\/#breadcrumb"},"inLanguage":"es","potentialAction":[{"@type":"ReadAction","target":["https:\/\/www.prayandfaith.com\/quando-tudo-da-errado-ao-mesmo-tempo-como-encontrar-forca-nos-momentos-mais-dificeis-da-vida\/"]}]},{"@type":"ImageObject","inLanguage":"es","@id":"https:\/\/www.prayandfaith.com\/quando-tudo-da-errado-ao-mesmo-tempo-como-encontrar-forca-nos-momentos-mais-dificeis-da-vida\/#primaryimage","url":"https:\/\/www.prayandfaith.com\/wp-content\/uploads\/2025\/12\/momentos-dificeis.webp","contentUrl":"https:\/\/www.prayandfaith.com\/wp-content\/uploads\/2025\/12\/momentos-dificeis.webp","width":1792,"height":1024},{"@type":"BreadcrumbList","@id":"https:\/\/www.prayandfaith.com\/quando-tudo-da-errado-ao-mesmo-tempo-como-encontrar-forca-nos-momentos-mais-dificeis-da-vida\/#breadcrumb","itemListElement":[{"@type":"ListItem","position":1,"name":"In\u00edcio","item":"https:\/\/www.prayandfaith.com\/"},{"@type":"ListItem","position":2,"name":"Quando Tudo D\u00e1 Errado ao Mesmo Tempo: Como Encontrar For\u00e7a nos Momentos Mais Dif\u00edceis da Vida"}]},{"@type":"WebSite","@id":"https:\/\/www.prayandfaith.com\/#website","url":"https:\/\/www.prayandfaith.com\/","name":"Oraci\u00f3n y fe","description":"El poder de la oraci\u00f3n y la fe","publisher":{"@id":"https:\/\/www.prayandfaith.com\/#organization"},"potentialAction":[{"@type":"SearchAction","target":{"@type":"EntryPoint","urlTemplate":"https:\/\/www.prayandfaith.com\/?s={search_term_string}"},"query-input":{"@type":"PropertyValueSpecification","valueRequired":true,"valueName":"search_term_string"}}],"inLanguage":"es"},{"@type":"Organization","@id":"https:\/\/www.prayandfaith.com\/#organization","name":"Oraci\u00f3n y fe","url":"https:\/\/www.prayandfaith.com\/","logo":{"@type":"ImageObject","inLanguage":"es","@id":"https:\/\/www.prayandfaith.com\/#\/schema\/logo\/image\/","url":"https:\/\/www.prayandfaith.com\/wp-content\/uploads\/2025\/01\/cropped-pray-and-faith-1.jpg","contentUrl":"https:\/\/www.prayandfaith.com\/wp-content\/uploads\/2025\/01\/cropped-pray-and-faith-1.jpg","width":400,"height":80,"caption":"PrayandFaith"},"image":{"@id":"https:\/\/www.prayandfaith.com\/#\/schema\/logo\/image\/"}},{"@type":"Person","@id":"https:\/\/www.prayandfaith.com\/#\/schema\/person\/a082382ad454f9576c1c5bf62649387c","name":"Enano","image":{"@type":"ImageObject","inLanguage":"es","@id":"https:\/\/secure.gravatar.com\/avatar\/f5efa58599e07f8dd92f26c7cfbc442fd115582bc681245452e503c2ef2334f3?s=96&d=mm&r=g","url":"https:\/\/secure.gravatar.com\/avatar\/f5efa58599e07f8dd92f26c7cfbc442fd115582bc681245452e503c2ef2334f3?s=96&d=mm&r=g","contentUrl":"https:\/\/secure.gravatar.com\/avatar\/f5efa58599e07f8dd92f26c7cfbc442fd115582bc681245452e503c2ef2334f3?s=96&d=mm&r=g","caption":"Ana"},"description":"Soy estudiante de posgrado en literatura, me apasiona escribir y hoy formo parte del equipo de Oraci\u00f3n y Fe, donde creo diversos tipos de contenido para ayudarte a fortalecer tu fe en el mundo digital. \u00a1\u00danete y disfruta de la lectura!","sameAs":["https:\/\/www.prayandfaith.com"],"url":"https:\/\/www.prayandfaith.com\/es\/author\/admin\/"}]}},"_links":{"self":[{"href":"https:\/\/www.prayandfaith.com\/es\/wp-json\/wp\/v2\/posts\/2077","targetHints":{"allow":["GET"]}}],"collection":[{"href":"https:\/\/www.prayandfaith.com\/es\/wp-json\/wp\/v2\/posts"}],"about":[{"href":"https:\/\/www.prayandfaith.com\/es\/wp-json\/wp\/v2\/types\/post"}],"author":[{"embeddable":true,"href":"https:\/\/www.prayandfaith.com\/es\/wp-json\/wp\/v2\/users\/1"}],"replies":[{"embeddable":true,"href":"https:\/\/www.prayandfaith.com\/es\/wp-json\/wp\/v2\/comments?post=2077"}],"version-history":[{"count":1,"href":"https:\/\/www.prayandfaith.com\/es\/wp-json\/wp\/v2\/posts\/2077\/revisions"}],"predecessor-version":[{"id":2079,"href":"https:\/\/www.prayandfaith.com\/es\/wp-json\/wp\/v2\/posts\/2077\/revisions\/2079"}],"wp:featuredmedia":[{"embeddable":true,"href":"https:\/\/www.prayandfaith.com\/es\/wp-json\/wp\/v2\/media\/2078"}],"wp:attachment":[{"href":"https:\/\/www.prayandfaith.com\/es\/wp-json\/wp\/v2\/media?parent=2077"}],"wp:term":[{"taxonomy":"category","embeddable":true,"href":"https:\/\/www.prayandfaith.com\/es\/wp-json\/wp\/v2\/categories?post=2077"},{"taxonomy":"post_tag","embeddable":true,"href":"https:\/\/www.prayandfaith.com\/es\/wp-json\/wp\/v2\/tags?post=2077"}],"curies":[{"name":"gracias","href":"https:\/\/api.w.org\/{rel}","templated":true}]}}