{"id":865,"date":"2024-03-07T00:01:00","date_gmt":"2024-03-07T03:01:00","guid":{"rendered":"https:\/\/www.prayandfaith.com\/?p=865"},"modified":"2024-03-07T00:01:00","modified_gmt":"2024-03-07T03:01:00","slug":"why-be-grateful-to-god-understand-the-posture-of-faith","status":"publish","type":"post","link":"https:\/\/www.prayandfaith.com\/en\/por-que-ser-grato-a-deus-entenda-a-postura-de-fe\/","title":{"rendered":"Why be grateful to God? Understand the posture of faith"},"content":{"rendered":"<p>Gratitude can seem like a difficult or even counter-intuitive choice in a world full of challenges and uncertainties. However, many spiritual and religious traditions emphasize the importance of being grateful, especially to God, as a path not only to personal well-being, but also as a profound expression of faith. But why is being grateful to God so emphasized in these traditions? And how can this attitude influence our view of the world and our well-being?<\/p>\n\n\n\n<h2 class=\"wp-block-heading\">The Nature of Gratitude<\/h2>\n\n\n\n<p>Gratitude, in its essence, is a recognition that we have received something valuable from others. This recognition generates positive feelings, strengthening our social bonds and promoting a more optimistic outlook on life. When directed towards God, gratitude transcends the material plane, connecting us with the divine and the greater purpose of our existence.<\/p>\n\n\n\n<h2 class=\"wp-block-heading\">Benefits of Gratitude<\/h2>\n\n\n\n<p>Psychological studies have shown that practicing gratitude can have profound effects on our mental and physical health. People who regularly practice gratitude report lower stress levels, better sleep quality, feelings of connection and satisfaction with life. By being grateful to God, we open our hearts to recognize God's presence in our lives, which gives us a deep sense of peace and contentment.<\/p>\n\n\n\n<h2 class=\"wp-block-heading\">The posture of faith<\/h2>\n\n\n\n<p>Being grateful to God goes beyond acknowledging material blessings; it is a posture of faith that reflects our trust in God's goodness and His plan for us. This faith does not ignore life's difficulties, but frames them within a larger perspective, where each challenge is seen as an opportunity for growth and learning.<\/p>\n\n\n\n<figure class=\"wp-block-image size-large\"><img loading=\"lazy\" decoding=\"async\" width=\"1024\" height=\"682\" src=\"https:\/\/www.prayandfaith.com\/wp-content\/uploads\/2024\/02\/image-7-1024x682.png\" alt=\"\" class=\"wp-image-879\" srcset=\"https:\/\/www.prayandfaith.com\/wp-content\/uploads\/2024\/02\/image-7-1024x682.png 1024w, https:\/\/www.prayandfaith.com\/wp-content\/uploads\/2024\/02\/image-7-300x200.png 300w, https:\/\/www.prayandfaith.com\/wp-content\/uploads\/2024\/02\/image-7-768x512.png 768w, https:\/\/www.prayandfaith.com\/wp-content\/uploads\/2024\/02\/image-7.png 1280w\" sizes=\"auto, (max-width: 1024px) 100vw, 1024px\" \/><\/figure>\n\n\n\n<h2 class=\"wp-block-heading\">Faith in Times of Difficulty<\/h2>\n\n\n\n<p>In times of pain and suffering, gratitude to God can seem paradoxical. However, it is precisely in these moments that faith reveals itself most powerfully. Being grateful to God despite adversity is an act of profound faith, recognizing that, even in difficulties, there is a loving presence guiding and shaping us.<\/p>\n\n\n\n<h2 class=\"wp-block-heading\">Practicing Gratitude<\/h2>\n\n\n\n<p>Gratitude to God can be practiced in different ways, reflecting the diversity of spiritual and religious traditions. Some common practices include prayer, meditation, participation in religious services, and the act of sharing blessings with others. These practices not only connect us with the divine, but also reinforce our sense of belonging to a faith community.<\/p>\n\n\n\n<h2 class=\"wp-block-heading\">Daily Gratitude<\/h2>\n\n\n\n<p>A powerful way to cultivate gratitude is through daily reflection on the blessings received. This can be done individually, through prayer or meditation, or collectively, in families or faith groups. The important thing is to consciously recognize the manifestations of divine love in our lives, even in the little things.<\/p>\n\n\n\n<h2 class=\"wp-block-heading\">Challenges and Overcoming Obstacles<\/h2>\n\n\n\n<p>Despite its many benefits, maintaining an attitude of gratitude, especially in difficult times, can be a challenge. Modern life, with its constant pressures and distractions, can take us away from reflection and spiritual connection. However, it is precisely in these moments that gratitude can be most transformative, reminding us of our blessings and reconnecting us with our faith.<\/p>\n\n\n\n<h2 class=\"wp-block-heading\">Strategies for Cultivating Gratitude<\/h2>\n\n\n\n<ul class=\"wp-block-list\">\n<li>Keep a gratitude journal: Write down three things you are grateful for every day, including small victories and joys.<\/li>\n\n\n\n<li>Practice mindfulness: Dedicate moments of your day to being present, recognizing and giving thanks for the blessings around you.<\/li>\n\n\n\n<li>Get involved in faith communities: Take part in groups or activities that strengthen your spiritual connection and your practice of gratitude.<\/li>\n<\/ul>\n\n\n\n<h2 class=\"wp-block-heading\">Being grateful to God<\/h2>\n\n\n\n<p>Being grateful to God is a profound expression of faith and a transformative practice that connects us with the divine, enriches our spiritual life, and promotes our emotional and physical well-being. By cultivating a posture of gratitude, we open our hearts to recognize God's presence and blessings in our lives, even in the most challenging moments. Gratitude, therefore, is not only an act of faith, but also a path to a fuller and more meaningful life.<\/p>\n\n\n\n<p><strong>See also: <a href=\"https:\/\/www.prayandfaith.com\/en\/god-in-the-details-how-to-recognize-the-divine-presence-in-your-life\/\">God in the Details: How to Recognize the Divine Presence in Your Life<\/a><\/strong><\/p>\n\n\n\n<p>March 7th, 2024<\/p>","protected":false},"excerpt":{"rendered":"<p>Gratitude may seem like a difficult or even counterintuitive choice in a world full of challenges and uncertainties. However, many spiritual and religious traditions emphasize the importance of being grateful, especially to God, as a path not only to personal well-being but also as a profound expression of faith. But why\u2026&nbsp;<\/p>","protected":false},"author":2,"featured_media":879,"comment_status":"closed","ping_status":"closed","sticky":false,"template":"","format":"standard","meta":{"neve_meta_sidebar":"","neve_meta_container":"","neve_meta_enable_content_width":"","neve_meta_content_width":0,"neve_meta_title_alignment":"","neve_meta_author_avatar":"","neve_post_elements_order":"","neve_meta_disable_header":"","neve_meta_disable_footer":"","neve_meta_disable_title":"","footnotes":""},"categories":[5],"tags":[],"class_list":["post-865","post","type-post","status-publish","format-standard","has-post-thumbnail","hentry","category-coisas-vida"],"yoast_head":"<!-- This site is optimized with the Yoast SEO plugin v27.5 - https:\/\/yoast.com\/product\/yoast-seo-wordpress\/ -->\n<title>Por que ser grato a Deus? Entenda a postura de f\u00e9 - Ora\u00e7\u00e3o e F\u00e9<\/title>\n<meta name=\"robots\" content=\"index, follow, max-snippet:-1, max-image-preview:large, max-video-preview:-1\" \/>\n<link rel=\"canonical\" href=\"https:\/\/www.prayandfaith.com\/en\/why-be-grateful-to-god-understand-the-posture-of-faith\/\" \/>\n<meta property=\"og:locale\" content=\"en_US\" \/>\n<meta property=\"og:type\" content=\"article\" \/>\n<meta property=\"og:title\" content=\"Por que ser grato a Deus? Entenda a postura de f\u00e9 - Ora\u00e7\u00e3o e F\u00e9\" \/>\n<meta property=\"og:description\" content=\"A gratid\u00e3o pode parecer uma escolha dif\u00edcil ou at\u00e9 mesmo contra-intuitiva, Em um mundo repleto de desafios e incertezas. No entanto, muitas tradi\u00e7\u00f5es espirituais e religiosas enfatizam a import\u00e2ncia de ser grato, especialmente a Deus, como um caminho n\u00e3o apenas para o bem-estar pessoal, mas tamb\u00e9m como uma profunda express\u00e3o de f\u00e9. Mas por que&hellip;&nbsp;\" \/>\n<meta property=\"og:url\" content=\"https:\/\/www.prayandfaith.com\/en\/why-be-grateful-to-god-understand-the-posture-of-faith\/\" \/>\n<meta property=\"og:site_name\" content=\"Ora\u00e7\u00e3o e F\u00e9\" \/>\n<meta property=\"article:published_time\" content=\"2024-03-07T03:01:00+00:00\" \/>\n<meta property=\"og:image\" content=\"https:\/\/www.prayandfaith.com\/wp-content\/uploads\/2024\/02\/image-7-1024x682.png\" \/>\n\t<meta property=\"og:image:width\" content=\"1024\" \/>\n\t<meta property=\"og:image:height\" content=\"682\" \/>\n\t<meta property=\"og:image:type\" content=\"image\/png\" \/>\n<meta name=\"author\" content=\"Michele\" \/>\n<meta name=\"twitter:card\" content=\"summary_large_image\" \/>\n<meta name=\"twitter:label1\" content=\"Written by\" \/>\n\t<meta name=\"twitter:data1\" content=\"Michele\" \/>\n\t<meta name=\"twitter:label2\" content=\"Est. reading time\" \/>\n\t<meta name=\"twitter:data2\" content=\"4 minutes\" \/>\n<script type=\"application\/ld+json\" class=\"yoast-schema-graph\">{\"@context\":\"https:\\\/\\\/schema.org\",\"@graph\":[{\"@type\":\"Article\",\"@id\":\"https:\\\/\\\/www.prayandfaith.com\\\/por-que-ser-grato-a-deus-entenda-a-postura-de-fe\\\/#article\",\"isPartOf\":{\"@id\":\"https:\\\/\\\/www.prayandfaith.com\\\/por-que-ser-grato-a-deus-entenda-a-postura-de-fe\\\/\"},\"author\":{\"name\":\"Michele\",\"@id\":\"https:\\\/\\\/www.prayandfaith.com\\\/#\\\/schema\\\/person\\\/fcc9acc8bdee0d196830b008aa112f47\"},\"headline\":\"Por que ser grato a Deus? Entenda a postura de f\u00e9\",\"datePublished\":\"2024-03-07T03:01:00+00:00\",\"mainEntityOfPage\":{\"@id\":\"https:\\\/\\\/www.prayandfaith.com\\\/por-que-ser-grato-a-deus-entenda-a-postura-de-fe\\\/\"},\"wordCount\":772,\"publisher\":{\"@id\":\"https:\\\/\\\/www.prayandfaith.com\\\/#organization\"},\"image\":{\"@id\":\"https:\\\/\\\/www.prayandfaith.com\\\/por-que-ser-grato-a-deus-entenda-a-postura-de-fe\\\/#primaryimage\"},\"thumbnailUrl\":\"https:\\\/\\\/www.prayandfaith.com\\\/wp-content\\\/uploads\\\/2024\\\/02\\\/image-7.png\",\"articleSection\":[\"Coisas da Vida\"],\"inLanguage\":\"en-US\"},{\"@type\":\"WebPage\",\"@id\":\"https:\\\/\\\/www.prayandfaith.com\\\/por-que-ser-grato-a-deus-entenda-a-postura-de-fe\\\/\",\"url\":\"https:\\\/\\\/www.prayandfaith.com\\\/por-que-ser-grato-a-deus-entenda-a-postura-de-fe\\\/\",\"name\":\"Por que ser grato a Deus? Entenda a postura de f\u00e9 - Ora\u00e7\u00e3o e F\u00e9\",\"isPartOf\":{\"@id\":\"https:\\\/\\\/www.prayandfaith.com\\\/#website\"},\"primaryImageOfPage\":{\"@id\":\"https:\\\/\\\/www.prayandfaith.com\\\/por-que-ser-grato-a-deus-entenda-a-postura-de-fe\\\/#primaryimage\"},\"image\":{\"@id\":\"https:\\\/\\\/www.prayandfaith.com\\\/por-que-ser-grato-a-deus-entenda-a-postura-de-fe\\\/#primaryimage\"},\"thumbnailUrl\":\"https:\\\/\\\/www.prayandfaith.com\\\/wp-content\\\/uploads\\\/2024\\\/02\\\/image-7.png\",\"datePublished\":\"2024-03-07T03:01:00+00:00\",\"breadcrumb\":{\"@id\":\"https:\\\/\\\/www.prayandfaith.com\\\/por-que-ser-grato-a-deus-entenda-a-postura-de-fe\\\/#breadcrumb\"},\"inLanguage\":\"en-US\",\"potentialAction\":[{\"@type\":\"ReadAction\",\"target\":[\"https:\\\/\\\/www.prayandfaith.com\\\/por-que-ser-grato-a-deus-entenda-a-postura-de-fe\\\/\"]}]},{\"@type\":\"ImageObject\",\"inLanguage\":\"en-US\",\"@id\":\"https:\\\/\\\/www.prayandfaith.com\\\/por-que-ser-grato-a-deus-entenda-a-postura-de-fe\\\/#primaryimage\",\"url\":\"https:\\\/\\\/www.prayandfaith.com\\\/wp-content\\\/uploads\\\/2024\\\/02\\\/image-7.png\",\"contentUrl\":\"https:\\\/\\\/www.prayandfaith.com\\\/wp-content\\\/uploads\\\/2024\\\/02\\\/image-7.png\",\"width\":1280,\"height\":853},{\"@type\":\"BreadcrumbList\",\"@id\":\"https:\\\/\\\/www.prayandfaith.com\\\/por-que-ser-grato-a-deus-entenda-a-postura-de-fe\\\/#breadcrumb\",\"itemListElement\":[{\"@type\":\"ListItem\",\"position\":1,\"name\":\"In\u00edcio\",\"item\":\"https:\\\/\\\/www.prayandfaith.com\\\/\"},{\"@type\":\"ListItem\",\"position\":2,\"name\":\"Por que ser grato a Deus? Entenda a postura de f\u00e9\"}]},{\"@type\":\"WebSite\",\"@id\":\"https:\\\/\\\/www.prayandfaith.com\\\/#website\",\"url\":\"https:\\\/\\\/www.prayandfaith.com\\\/\",\"name\":\"PrayandFaith\",\"description\":\"O poder da Ora\u00e7\u00e3o e da F\u00e9\",\"publisher\":{\"@id\":\"https:\\\/\\\/www.prayandfaith.com\\\/#organization\"},\"potentialAction\":[{\"@type\":\"SearchAction\",\"target\":{\"@type\":\"EntryPoint\",\"urlTemplate\":\"https:\\\/\\\/www.prayandfaith.com\\\/?s={search_term_string}\"},\"query-input\":{\"@type\":\"PropertyValueSpecification\",\"valueRequired\":true,\"valueName\":\"search_term_string\"}}],\"inLanguage\":\"en-US\"},{\"@type\":\"Organization\",\"@id\":\"https:\\\/\\\/www.prayandfaith.com\\\/#organization\",\"name\":\"PrayandFaith\",\"url\":\"https:\\\/\\\/www.prayandfaith.com\\\/\",\"logo\":{\"@type\":\"ImageObject\",\"inLanguage\":\"en-US\",\"@id\":\"https:\\\/\\\/www.prayandfaith.com\\\/#\\\/schema\\\/logo\\\/image\\\/\",\"url\":\"https:\\\/\\\/www.prayandfaith.com\\\/wp-content\\\/uploads\\\/2025\\\/01\\\/cropped-pray-and-faith-1.jpg\",\"contentUrl\":\"https:\\\/\\\/www.prayandfaith.com\\\/wp-content\\\/uploads\\\/2025\\\/01\\\/cropped-pray-and-faith-1.jpg\",\"width\":400,\"height\":80,\"caption\":\"PrayandFaith\"},\"image\":{\"@id\":\"https:\\\/\\\/www.prayandfaith.com\\\/#\\\/schema\\\/logo\\\/image\\\/\"}},{\"@type\":\"Person\",\"@id\":\"https:\\\/\\\/www.prayandfaith.com\\\/#\\\/schema\\\/person\\\/fcc9acc8bdee0d196830b008aa112f47\",\"name\":\"Michele\",\"image\":{\"@type\":\"ImageObject\",\"inLanguage\":\"en-US\",\"@id\":\"https:\\\/\\\/secure.gravatar.com\\\/avatar\\\/6b0eb9d22841282815e2cd856a0061c45e1761cd54b22e952d98c4746939aa85?s=96&d=mm&r=g\",\"url\":\"https:\\\/\\\/secure.gravatar.com\\\/avatar\\\/6b0eb9d22841282815e2cd856a0061c45e1761cd54b22e952d98c4746939aa85?s=96&d=mm&r=g\",\"contentUrl\":\"https:\\\/\\\/secure.gravatar.com\\\/avatar\\\/6b0eb9d22841282815e2cd856a0061c45e1761cd54b22e952d98c4746939aa85?s=96&d=mm&r=g\",\"caption\":\"Michele\"},\"description\":\"Formada em Letras - Portugu\u00eas\\\/ Ingl\u00eas pela UEPG, p\u00f3s-graduada em Arte na Educa\u00e7\u00e3o e Psicopedagogia Escolar, idealizadora do site Escritora de Sucesso, redatora e revisora dos conte\u00fados do Pray and Faith com muita f\u00e9 e positividade.\",\"url\":\"https:\\\/\\\/www.prayandfaith.com\\\/en\\\/author\\\/michele\\\/\"}]}<\/script>\n<!-- \/ Yoast SEO plugin. -->","yoast_head_json":{"title":"Why be grateful to God? Understanding the posture of faith - Prayer and Faith","robots":{"index":"index","follow":"follow","max-snippet":"max-snippet:-1","max-image-preview":"max-image-preview:large","max-video-preview":"max-video-preview:-1"},"canonical":"https:\/\/www.prayandfaith.com\/en\/why-be-grateful-to-god-understand-the-posture-of-faith\/","og_locale":"en_US","og_type":"article","og_title":"Por que ser grato a Deus? Entenda a postura de f\u00e9 - Ora\u00e7\u00e3o e F\u00e9","og_description":"A gratid\u00e3o pode parecer uma escolha dif\u00edcil ou at\u00e9 mesmo contra-intuitiva, Em um mundo repleto de desafios e incertezas. No entanto, muitas tradi\u00e7\u00f5es espirituais e religiosas enfatizam a import\u00e2ncia de ser grato, especialmente a Deus, como um caminho n\u00e3o apenas para o bem-estar pessoal, mas tamb\u00e9m como uma profunda express\u00e3o de f\u00e9. Mas por que&hellip;&nbsp;","og_url":"https:\/\/www.prayandfaith.com\/en\/why-be-grateful-to-god-understand-the-posture-of-faith\/","og_site_name":"Ora\u00e7\u00e3o e F\u00e9","article_published_time":"2024-03-07T03:01:00+00:00","og_image":[{"width":1024,"height":682,"url":"https:\/\/www.prayandfaith.com\/wp-content\/uploads\/2024\/02\/image-7-1024x682.png","type":"image\/png"}],"author":"Michele","twitter_card":"summary_large_image","twitter_misc":{"Written by":"Michele","Est. reading time":"4 minutes"},"schema":{"@context":"https:\/\/schema.org","@graph":[{"@type":"Article","@id":"https:\/\/www.prayandfaith.com\/por-que-ser-grato-a-deus-entenda-a-postura-de-fe\/#article","isPartOf":{"@id":"https:\/\/www.prayandfaith.com\/por-que-ser-grato-a-deus-entenda-a-postura-de-fe\/"},"author":{"name":"Michele","@id":"https:\/\/www.prayandfaith.com\/#\/schema\/person\/fcc9acc8bdee0d196830b008aa112f47"},"headline":"Por que ser grato a Deus? Entenda a postura de f\u00e9","datePublished":"2024-03-07T03:01:00+00:00","mainEntityOfPage":{"@id":"https:\/\/www.prayandfaith.com\/por-que-ser-grato-a-deus-entenda-a-postura-de-fe\/"},"wordCount":772,"publisher":{"@id":"https:\/\/www.prayandfaith.com\/#organization"},"image":{"@id":"https:\/\/www.prayandfaith.com\/por-que-ser-grato-a-deus-entenda-a-postura-de-fe\/#primaryimage"},"thumbnailUrl":"https:\/\/www.prayandfaith.com\/wp-content\/uploads\/2024\/02\/image-7.png","articleSection":["Coisas da Vida"],"inLanguage":"en-US"},{"@type":"WebPage","@id":"https:\/\/www.prayandfaith.com\/por-que-ser-grato-a-deus-entenda-a-postura-de-fe\/","url":"https:\/\/www.prayandfaith.com\/por-que-ser-grato-a-deus-entenda-a-postura-de-fe\/","name":"Why be grateful to God? Understanding the posture of faith - Prayer and Faith","isPartOf":{"@id":"https:\/\/www.prayandfaith.com\/#website"},"primaryImageOfPage":{"@id":"https:\/\/www.prayandfaith.com\/por-que-ser-grato-a-deus-entenda-a-postura-de-fe\/#primaryimage"},"image":{"@id":"https:\/\/www.prayandfaith.com\/por-que-ser-grato-a-deus-entenda-a-postura-de-fe\/#primaryimage"},"thumbnailUrl":"https:\/\/www.prayandfaith.com\/wp-content\/uploads\/2024\/02\/image-7.png","datePublished":"2024-03-07T03:01:00+00:00","breadcrumb":{"@id":"https:\/\/www.prayandfaith.com\/por-que-ser-grato-a-deus-entenda-a-postura-de-fe\/#breadcrumb"},"inLanguage":"en-US","potentialAction":[{"@type":"ReadAction","target":["https:\/\/www.prayandfaith.com\/por-que-ser-grato-a-deus-entenda-a-postura-de-fe\/"]}]},{"@type":"ImageObject","inLanguage":"en-US","@id":"https:\/\/www.prayandfaith.com\/por-que-ser-grato-a-deus-entenda-a-postura-de-fe\/#primaryimage","url":"https:\/\/www.prayandfaith.com\/wp-content\/uploads\/2024\/02\/image-7.png","contentUrl":"https:\/\/www.prayandfaith.com\/wp-content\/uploads\/2024\/02\/image-7.png","width":1280,"height":853},{"@type":"BreadcrumbList","@id":"https:\/\/www.prayandfaith.com\/por-que-ser-grato-a-deus-entenda-a-postura-de-fe\/#breadcrumb","itemListElement":[{"@type":"ListItem","position":1,"name":"In\u00edcio","item":"https:\/\/www.prayandfaith.com\/"},{"@type":"ListItem","position":2,"name":"Por que ser grato a Deus? Entenda a postura de f\u00e9"}]},{"@type":"WebSite","@id":"https:\/\/www.prayandfaith.com\/#website","url":"https:\/\/www.prayandfaith.com\/","name":"PrayandFaith","description":"The Power of Prayer and Faith","publisher":{"@id":"https:\/\/www.prayandfaith.com\/#organization"},"potentialAction":[{"@type":"SearchAction","target":{"@type":"EntryPoint","urlTemplate":"https:\/\/www.prayandfaith.com\/?s={search_term_string}"},"query-input":{"@type":"PropertyValueSpecification","valueRequired":true,"valueName":"search_term_string"}}],"inLanguage":"en-US"},{"@type":"Organization","@id":"https:\/\/www.prayandfaith.com\/#organization","name":"PrayandFaith","url":"https:\/\/www.prayandfaith.com\/","logo":{"@type":"ImageObject","inLanguage":"en-US","@id":"https:\/\/www.prayandfaith.com\/#\/schema\/logo\/image\/","url":"https:\/\/www.prayandfaith.com\/wp-content\/uploads\/2025\/01\/cropped-pray-and-faith-1.jpg","contentUrl":"https:\/\/www.prayandfaith.com\/wp-content\/uploads\/2025\/01\/cropped-pray-and-faith-1.jpg","width":400,"height":80,"caption":"PrayandFaith"},"image":{"@id":"https:\/\/www.prayandfaith.com\/#\/schema\/logo\/image\/"}},{"@type":"Person","@id":"https:\/\/www.prayandfaith.com\/#\/schema\/person\/fcc9acc8bdee0d196830b008aa112f47","name":"Michele","image":{"@type":"ImageObject","inLanguage":"en-US","@id":"https:\/\/secure.gravatar.com\/avatar\/6b0eb9d22841282815e2cd856a0061c45e1761cd54b22e952d98c4746939aa85?s=96&d=mm&r=g","url":"https:\/\/secure.gravatar.com\/avatar\/6b0eb9d22841282815e2cd856a0061c45e1761cd54b22e952d98c4746939aa85?s=96&d=mm&r=g","contentUrl":"https:\/\/secure.gravatar.com\/avatar\/6b0eb9d22841282815e2cd856a0061c45e1761cd54b22e952d98c4746939aa85?s=96&d=mm&r=g","caption":"Michele"},"description":"A graduate in Portuguese\/English Literature from UEPG, with postgraduate degrees in Art in Education and School Psychopedagogy, she is the creator of the Escritora de Sucesso website, and a writer and editor of the Pray and Faith content with great faith and positivity.","url":"https:\/\/www.prayandfaith.com\/en\/author\/michele\/"}]}},"_links":{"self":[{"href":"https:\/\/www.prayandfaith.com\/en\/wp-json\/wp\/v2\/posts\/865","targetHints":{"allow":["GET"]}}],"collection":[{"href":"https:\/\/www.prayandfaith.com\/en\/wp-json\/wp\/v2\/posts"}],"about":[{"href":"https:\/\/www.prayandfaith.com\/en\/wp-json\/wp\/v2\/types\/post"}],"author":[{"embeddable":true,"href":"https:\/\/www.prayandfaith.com\/en\/wp-json\/wp\/v2\/users\/2"}],"replies":[{"embeddable":true,"href":"https:\/\/www.prayandfaith.com\/en\/wp-json\/wp\/v2\/comments?post=865"}],"version-history":[{"count":0,"href":"https:\/\/www.prayandfaith.com\/en\/wp-json\/wp\/v2\/posts\/865\/revisions"}],"wp:featuredmedia":[{"embeddable":true,"href":"https:\/\/www.prayandfaith.com\/en\/wp-json\/wp\/v2\/media\/879"}],"wp:attachment":[{"href":"https:\/\/www.prayandfaith.com\/en\/wp-json\/wp\/v2\/media?parent=865"}],"wp:term":[{"taxonomy":"category","embeddable":true,"href":"https:\/\/www.prayandfaith.com\/en\/wp-json\/wp\/v2\/categories?post=865"},{"taxonomy":"post_tag","embeddable":true,"href":"https:\/\/www.prayandfaith.com\/en\/wp-json\/wp\/v2\/tags?post=865"}],"curies":[{"name":"wp","href":"https:\/\/api.w.org\/{rel}","templated":true}]}}