{"id":2156,"date":"2025-12-14T14:51:56","date_gmt":"2025-12-14T17:51:56","guid":{"rendered":"https:\/\/www.prayandfaith.com\/?p=2156"},"modified":"2025-12-14T14:52:00","modified_gmt":"2025-12-14T17:52:00","slug":"a-prayer-for-when-words-fail-and-the-heart-is-weary","status":"publish","type":"post","link":"https:\/\/www.prayandfaith.com\/en\/uma-oracao-para-quando-faltam-palavras-e-o-coracao-esta-cansado\/","title":{"rendered":"A prayer for when words fail and the heart is weary."},"content":{"rendered":"<p>There are times when the desire to pray is there, but the words simply won&#039;t come. The heart is heavy, the mind confused, and any attempt to organize thoughts seems insufficient. At those times, the feeling is of wanting to talk to God, but not knowing exactly how to begin or what to say.<\/p>\n\n\n\n<p>This difficulty is not a sign of lack of faith. On the contrary. Often, it arises precisely when emotional exhaustion is too great to be translated into beautiful phrases or structured prayers. Inner silence, in these moments, is not emptiness\u2014it is overload.<\/p>\n\n\n\n<p>This prayer was written for these days. Days when the heart yearns for rest, comfort, and guidance, even without being able to explain why.<\/p>\n\n\n\n<h2 class=\"wp-block-heading\">When silence is also a form of prayer.<\/h2>\n\n\n\n<p>There&#039;s a misconception that prayer requires carefully chosen words, correct language, or a specific sequence. This discourages many people from praying, especially when they are emotionally exhausted. The truth is that silence, when filled with intention, also communicates.<\/p>\n\n\n\n<p>The Bible shows that God knows the heart even before words are formed. This means that prayer doesn&#039;t begin with the mouth, but within. When words fail, the simple act of placing oneself before God is, in itself, an act of faith.<\/p>\n\n\n\n<p>This understanding removes the emphasis from performance and returns prayer to its original place: relationship.<\/p>\n\n\n\n<h2 class=\"wp-block-heading\">Emotional exhaustion does not invalidate faith.<\/h2>\n\n\n\n<p>Many people feel guilty for being tired. Guilty for not being able to pray &quot;properly.&quot; Guilty for being confused, sad, or lacking energy. This kind of guilt does not come from God. He does not demand strength when what we need is rest.<\/p>\n\n\n\n<p>Emotional exhaustion is part of the human experience. Acknowledging it before God is not weakness, it is honesty. Mature faith does not hide pain, it presents it with confidence.<\/p>\n\n\n\n<h2 class=\"wp-block-heading\">A simple prayer for moments of exhaustion.<\/h2>\n\n\n\n<blockquote class=\"wp-block-quote is-layout-flow wp-block-quote-is-layout-flow\">\n<p>**God,<br>Today I come to You without speeches.<br>My heart is tired,<br>And my mind can&#039;t process everything I&#039;m feeling.<\/p>\n\n\n\n<p>The Lord knows every burden I carry.,<br>even those that I can&#039;t explain.<br>Therefore, I am now handing over what is confusing.,<br>What hurts, what worries me, and what robs me of my peace.<\/p>\n\n\n\n<p>Calm my thoughts.<br>Sustain my heart.<br>Renew my strength where it no longer exists.<\/p>\n\n\n\n<p>If there&#039;s anything I need to learn right now,<br>Give me discernment.<br>If there is something that I simply need to endure,<br>Give me patience.<\/p>\n\n\n\n<p>I trust that the Lord is with me.,<br>even when I can&#039;t feel it,<br>even when I can&#039;t understand.<\/p>\n\n\n\n<p>Amen.**<\/p>\n<\/blockquote>\n\n\n\n<h2 class=\"wp-block-heading\">Why simple prayers are so powerful.<\/h2>\n\n\n\n<p>Simple prayers are not weak. They are direct, sincere, and unpretentious. When someone prays simply, they are not trying to impress\u2014they are opening up. This openness creates space for emotional and spiritual rest.<\/p>\n\n\n\n<p>The power of a prayer lies not in the number of words, but in the delivery. In moments of exhaustion, a short prayer, offered with sincerity, can be more profound than long speeches repeated automatically.<\/p>\n\n\n\n<h2 class=\"wp-block-heading\">How to use this prayer in everyday life<\/h2>\n\n\n\n<p>You can use this prayer:<\/p>\n\n\n\n<ul class=\"wp-block-list has-small-font-size\">\n<li>Before bed, when the mind doesn&#039;t slow down.<\/li>\n\n\n\n<li>During moments of anxiety or emotional overload<\/li>\n\n\n\n<li>Upon waking up on difficult days<\/li>\n\n\n\n<li>When you feel the urge to pray, but don&#039;t know how to begin.<\/li>\n<\/ul>\n\n\n\n<p>There are no rules. You can read it in its entirety, in parts, or simply use it as a starting point for a moment of silence and surrender.<\/p>\n\n\n\n<h2 class=\"wp-block-heading\">God doesn&#039;t expect perfection, He expects presence.<\/h2>\n\n\n\n<p>One of the greatest spiritual misconceptions is thinking that we need to be well in order to draw closer to God. Prayer exists precisely for those times when we are not. For the days when everything seems overwhelming and the soul yearns for comfort.<\/p>\n\n\n\n<p>God doesn&#039;t expect pretty words. He welcomes weary hearts.<\/p>\n\n\n\n<p>If words fail you today, don&#039;t turn away. Just stay. Sometimes, the truest prayer is simply to be present.<\/p>","protected":false},"excerpt":{"rendered":"<p>Existem momentos em que a vontade de orar est\u00e1 presente, mas as palavras simplesmente n\u00e3o v\u00eam. O cora\u00e7\u00e3o est\u00e1 pesado, a mente confusa e qualquer tentativa de organizar pensamentos parece insuficiente. Nessas horas, a sensa\u00e7\u00e3o \u00e9 de querer conversar com Deus, mas n\u00e3o saber exatamente como come\u00e7ar ou o que dizer. Essa dificuldade n\u00e3o \u00e9&hellip;&nbsp;<\/p>","protected":false},"author":1,"featured_media":2157,"comment_status":"open","ping_status":"open","sticky":false,"template":"","format":"standard","meta":{"neve_meta_sidebar":"","neve_meta_container":"","neve_meta_enable_content_width":"","neve_meta_content_width":0,"neve_meta_title_alignment":"","neve_meta_author_avatar":"","neve_post_elements_order":"","neve_meta_disable_header":"","neve_meta_disable_footer":"","neve_meta_disable_title":"","footnotes":""},"categories":[6],"tags":[],"class_list":["post-2156","post","type-post","status-publish","format-standard","has-post-thumbnail","hentry","category-oracao"],"yoast_head":"<!-- This site is optimized with the Yoast SEO plugin v27.5 - https:\/\/yoast.com\/product\/yoast-seo-wordpress\/ -->\n<title>Uma ora\u00e7\u00e3o para quando faltam palavras e o cora\u00e7\u00e3o est\u00e1 cansado - Ora\u00e7\u00e3o e F\u00e9<\/title>\n<meta name=\"robots\" content=\"index, follow, max-snippet:-1, max-image-preview:large, max-video-preview:-1\" \/>\n<link rel=\"canonical\" href=\"https:\/\/www.prayandfaith.com\/en\/a-prayer-for-when-words-fail-and-the-heart-is-weary\/\" \/>\n<meta property=\"og:locale\" content=\"en_US\" \/>\n<meta property=\"og:type\" content=\"article\" \/>\n<meta property=\"og:title\" content=\"Uma ora\u00e7\u00e3o para quando faltam palavras e o cora\u00e7\u00e3o est\u00e1 cansado - Ora\u00e7\u00e3o e F\u00e9\" \/>\n<meta property=\"og:description\" content=\"Existem momentos em que a vontade de orar est\u00e1 presente, mas as palavras simplesmente n\u00e3o v\u00eam. O cora\u00e7\u00e3o est\u00e1 pesado, a mente confusa e qualquer tentativa de organizar pensamentos parece insuficiente. Nessas horas, a sensa\u00e7\u00e3o \u00e9 de querer conversar com Deus, mas n\u00e3o saber exatamente como come\u00e7ar ou o que dizer. Essa dificuldade n\u00e3o \u00e9&hellip;&nbsp;\" \/>\n<meta property=\"og:url\" content=\"https:\/\/www.prayandfaith.com\/en\/a-prayer-for-when-words-fail-and-the-heart-is-weary\/\" \/>\n<meta property=\"og:site_name\" content=\"Ora\u00e7\u00e3o e F\u00e9\" \/>\n<meta property=\"article:published_time\" content=\"2025-12-14T17:51:56+00:00\" \/>\n<meta property=\"article:modified_time\" content=\"2025-12-14T17:52:00+00:00\" \/>\n<meta property=\"og:image\" content=\"https:\/\/www.prayandfaith.com\/wp-content\/uploads\/2025\/12\/paz.webp\" \/>\n\t<meta property=\"og:image:width\" content=\"1792\" \/>\n\t<meta property=\"og:image:height\" content=\"1024\" \/>\n\t<meta property=\"og:image:type\" content=\"image\/webp\" \/>\n<meta name=\"author\" content=\"Ana\" \/>\n<meta name=\"twitter:card\" content=\"summary_large_image\" \/>\n<meta name=\"twitter:label1\" content=\"Written by\" \/>\n\t<meta name=\"twitter:data1\" content=\"Ana\" \/>\n\t<meta name=\"twitter:label2\" content=\"Est. reading time\" \/>\n\t<meta name=\"twitter:data2\" content=\"4 minutes\" \/>\n<script type=\"application\/ld+json\" class=\"yoast-schema-graph\">{\"@context\":\"https:\\\/\\\/schema.org\",\"@graph\":[{\"@type\":\"Article\",\"@id\":\"https:\\\/\\\/www.prayandfaith.com\\\/uma-oracao-para-quando-faltam-palavras-e-o-coracao-esta-cansado\\\/#article\",\"isPartOf\":{\"@id\":\"https:\\\/\\\/www.prayandfaith.com\\\/uma-oracao-para-quando-faltam-palavras-e-o-coracao-esta-cansado\\\/\"},\"author\":{\"name\":\"Ana\",\"@id\":\"https:\\\/\\\/www.prayandfaith.com\\\/#\\\/schema\\\/person\\\/a082382ad454f9576c1c5bf62649387c\"},\"headline\":\"Uma ora\u00e7\u00e3o para quando faltam palavras e o cora\u00e7\u00e3o est\u00e1 cansado\",\"datePublished\":\"2025-12-14T17:51:56+00:00\",\"dateModified\":\"2025-12-14T17:52:00+00:00\",\"mainEntityOfPage\":{\"@id\":\"https:\\\/\\\/www.prayandfaith.com\\\/uma-oracao-para-quando-faltam-palavras-e-o-coracao-esta-cansado\\\/\"},\"wordCount\":734,\"commentCount\":0,\"publisher\":{\"@id\":\"https:\\\/\\\/www.prayandfaith.com\\\/#organization\"},\"image\":{\"@id\":\"https:\\\/\\\/www.prayandfaith.com\\\/uma-oracao-para-quando-faltam-palavras-e-o-coracao-esta-cansado\\\/#primaryimage\"},\"thumbnailUrl\":\"https:\\\/\\\/www.prayandfaith.com\\\/wp-content\\\/uploads\\\/2025\\\/12\\\/paz.webp\",\"articleSection\":[\"Ora\u00e7\u00f5es e Mensagens\"],\"inLanguage\":\"en-US\",\"potentialAction\":[{\"@type\":\"CommentAction\",\"name\":\"Comment\",\"target\":[\"https:\\\/\\\/www.prayandfaith.com\\\/uma-oracao-para-quando-faltam-palavras-e-o-coracao-esta-cansado\\\/#respond\"]}]},{\"@type\":\"WebPage\",\"@id\":\"https:\\\/\\\/www.prayandfaith.com\\\/uma-oracao-para-quando-faltam-palavras-e-o-coracao-esta-cansado\\\/\",\"url\":\"https:\\\/\\\/www.prayandfaith.com\\\/uma-oracao-para-quando-faltam-palavras-e-o-coracao-esta-cansado\\\/\",\"name\":\"Uma ora\u00e7\u00e3o para quando faltam palavras e o cora\u00e7\u00e3o est\u00e1 cansado - Ora\u00e7\u00e3o e F\u00e9\",\"isPartOf\":{\"@id\":\"https:\\\/\\\/www.prayandfaith.com\\\/#website\"},\"primaryImageOfPage\":{\"@id\":\"https:\\\/\\\/www.prayandfaith.com\\\/uma-oracao-para-quando-faltam-palavras-e-o-coracao-esta-cansado\\\/#primaryimage\"},\"image\":{\"@id\":\"https:\\\/\\\/www.prayandfaith.com\\\/uma-oracao-para-quando-faltam-palavras-e-o-coracao-esta-cansado\\\/#primaryimage\"},\"thumbnailUrl\":\"https:\\\/\\\/www.prayandfaith.com\\\/wp-content\\\/uploads\\\/2025\\\/12\\\/paz.webp\",\"datePublished\":\"2025-12-14T17:51:56+00:00\",\"dateModified\":\"2025-12-14T17:52:00+00:00\",\"breadcrumb\":{\"@id\":\"https:\\\/\\\/www.prayandfaith.com\\\/uma-oracao-para-quando-faltam-palavras-e-o-coracao-esta-cansado\\\/#breadcrumb\"},\"inLanguage\":\"en-US\",\"potentialAction\":[{\"@type\":\"ReadAction\",\"target\":[\"https:\\\/\\\/www.prayandfaith.com\\\/uma-oracao-para-quando-faltam-palavras-e-o-coracao-esta-cansado\\\/\"]}]},{\"@type\":\"ImageObject\",\"inLanguage\":\"en-US\",\"@id\":\"https:\\\/\\\/www.prayandfaith.com\\\/uma-oracao-para-quando-faltam-palavras-e-o-coracao-esta-cansado\\\/#primaryimage\",\"url\":\"https:\\\/\\\/www.prayandfaith.com\\\/wp-content\\\/uploads\\\/2025\\\/12\\\/paz.webp\",\"contentUrl\":\"https:\\\/\\\/www.prayandfaith.com\\\/wp-content\\\/uploads\\\/2025\\\/12\\\/paz.webp\",\"width\":1792,\"height\":1024},{\"@type\":\"BreadcrumbList\",\"@id\":\"https:\\\/\\\/www.prayandfaith.com\\\/uma-oracao-para-quando-faltam-palavras-e-o-coracao-esta-cansado\\\/#breadcrumb\",\"itemListElement\":[{\"@type\":\"ListItem\",\"position\":1,\"name\":\"In\u00edcio\",\"item\":\"https:\\\/\\\/www.prayandfaith.com\\\/\"},{\"@type\":\"ListItem\",\"position\":2,\"name\":\"Uma ora\u00e7\u00e3o para quando faltam palavras e o cora\u00e7\u00e3o est\u00e1 cansado\"}]},{\"@type\":\"WebSite\",\"@id\":\"https:\\\/\\\/www.prayandfaith.com\\\/#website\",\"url\":\"https:\\\/\\\/www.prayandfaith.com\\\/\",\"name\":\"PrayandFaith\",\"description\":\"O poder da Ora\u00e7\u00e3o e da F\u00e9\",\"publisher\":{\"@id\":\"https:\\\/\\\/www.prayandfaith.com\\\/#organization\"},\"potentialAction\":[{\"@type\":\"SearchAction\",\"target\":{\"@type\":\"EntryPoint\",\"urlTemplate\":\"https:\\\/\\\/www.prayandfaith.com\\\/?s={search_term_string}\"},\"query-input\":{\"@type\":\"PropertyValueSpecification\",\"valueRequired\":true,\"valueName\":\"search_term_string\"}}],\"inLanguage\":\"en-US\"},{\"@type\":\"Organization\",\"@id\":\"https:\\\/\\\/www.prayandfaith.com\\\/#organization\",\"name\":\"PrayandFaith\",\"url\":\"https:\\\/\\\/www.prayandfaith.com\\\/\",\"logo\":{\"@type\":\"ImageObject\",\"inLanguage\":\"en-US\",\"@id\":\"https:\\\/\\\/www.prayandfaith.com\\\/#\\\/schema\\\/logo\\\/image\\\/\",\"url\":\"https:\\\/\\\/www.prayandfaith.com\\\/wp-content\\\/uploads\\\/2025\\\/01\\\/cropped-pray-and-faith-1.jpg\",\"contentUrl\":\"https:\\\/\\\/www.prayandfaith.com\\\/wp-content\\\/uploads\\\/2025\\\/01\\\/cropped-pray-and-faith-1.jpg\",\"width\":400,\"height\":80,\"caption\":\"PrayandFaith\"},\"image\":{\"@id\":\"https:\\\/\\\/www.prayandfaith.com\\\/#\\\/schema\\\/logo\\\/image\\\/\"}},{\"@type\":\"Person\",\"@id\":\"https:\\\/\\\/www.prayandfaith.com\\\/#\\\/schema\\\/person\\\/a082382ad454f9576c1c5bf62649387c\",\"name\":\"Ana\",\"image\":{\"@type\":\"ImageObject\",\"inLanguage\":\"en-US\",\"@id\":\"https:\\\/\\\/secure.gravatar.com\\\/avatar\\\/f5efa58599e07f8dd92f26c7cfbc442fd115582bc681245452e503c2ef2334f3?s=96&d=mm&r=g\",\"url\":\"https:\\\/\\\/secure.gravatar.com\\\/avatar\\\/f5efa58599e07f8dd92f26c7cfbc442fd115582bc681245452e503c2ef2334f3?s=96&d=mm&r=g\",\"contentUrl\":\"https:\\\/\\\/secure.gravatar.com\\\/avatar\\\/f5efa58599e07f8dd92f26c7cfbc442fd115582bc681245452e503c2ef2334f3?s=96&d=mm&r=g\",\"caption\":\"Ana\"},\"description\":\"Sou estudante de p\u00f3s-gradua\u00e7\u00e3o em literatura, apaixonada por escrever, e hoje fa\u00e7o parte da equipe do Pray and Faith criando diversos tipos de conte\u00fado para ajud\u00e1-lo a elevar sua f\u00e9 no universo digital. Junte-se a n\u00f3s e aproveite sua leitura!\",\"sameAs\":[\"https:\\\/\\\/www.prayandfaith.com\"],\"url\":\"https:\\\/\\\/www.prayandfaith.com\\\/en\\\/author\\\/admin\\\/\"}]}<\/script>\n<!-- \/ Yoast SEO plugin. -->","yoast_head_json":{"title":"A prayer for when words fail and the heart is weary - Prayer and Faith","robots":{"index":"index","follow":"follow","max-snippet":"max-snippet:-1","max-image-preview":"max-image-preview:large","max-video-preview":"max-video-preview:-1"},"canonical":"https:\/\/www.prayandfaith.com\/en\/a-prayer-for-when-words-fail-and-the-heart-is-weary\/","og_locale":"en_US","og_type":"article","og_title":"Uma ora\u00e7\u00e3o para quando faltam palavras e o cora\u00e7\u00e3o est\u00e1 cansado - Ora\u00e7\u00e3o e F\u00e9","og_description":"Existem momentos em que a vontade de orar est\u00e1 presente, mas as palavras simplesmente n\u00e3o v\u00eam. O cora\u00e7\u00e3o est\u00e1 pesado, a mente confusa e qualquer tentativa de organizar pensamentos parece insuficiente. Nessas horas, a sensa\u00e7\u00e3o \u00e9 de querer conversar com Deus, mas n\u00e3o saber exatamente como come\u00e7ar ou o que dizer. Essa dificuldade n\u00e3o \u00e9&hellip;&nbsp;","og_url":"https:\/\/www.prayandfaith.com\/en\/a-prayer-for-when-words-fail-and-the-heart-is-weary\/","og_site_name":"Ora\u00e7\u00e3o e F\u00e9","article_published_time":"2025-12-14T17:51:56+00:00","article_modified_time":"2025-12-14T17:52:00+00:00","og_image":[{"width":1792,"height":1024,"url":"https:\/\/www.prayandfaith.com\/wp-content\/uploads\/2025\/12\/paz.webp","type":"image\/webp"}],"author":"Ana","twitter_card":"summary_large_image","twitter_misc":{"Written by":"Ana","Est. reading time":"4 minutes"},"schema":{"@context":"https:\/\/schema.org","@graph":[{"@type":"Article","@id":"https:\/\/www.prayandfaith.com\/uma-oracao-para-quando-faltam-palavras-e-o-coracao-esta-cansado\/#article","isPartOf":{"@id":"https:\/\/www.prayandfaith.com\/uma-oracao-para-quando-faltam-palavras-e-o-coracao-esta-cansado\/"},"author":{"name":"Ana","@id":"https:\/\/www.prayandfaith.com\/#\/schema\/person\/a082382ad454f9576c1c5bf62649387c"},"headline":"Uma ora\u00e7\u00e3o para quando faltam palavras e o cora\u00e7\u00e3o est\u00e1 cansado","datePublished":"2025-12-14T17:51:56+00:00","dateModified":"2025-12-14T17:52:00+00:00","mainEntityOfPage":{"@id":"https:\/\/www.prayandfaith.com\/uma-oracao-para-quando-faltam-palavras-e-o-coracao-esta-cansado\/"},"wordCount":734,"commentCount":0,"publisher":{"@id":"https:\/\/www.prayandfaith.com\/#organization"},"image":{"@id":"https:\/\/www.prayandfaith.com\/uma-oracao-para-quando-faltam-palavras-e-o-coracao-esta-cansado\/#primaryimage"},"thumbnailUrl":"https:\/\/www.prayandfaith.com\/wp-content\/uploads\/2025\/12\/paz.webp","articleSection":["Ora\u00e7\u00f5es e Mensagens"],"inLanguage":"en-US","potentialAction":[{"@type":"CommentAction","name":"Comment","target":["https:\/\/www.prayandfaith.com\/uma-oracao-para-quando-faltam-palavras-e-o-coracao-esta-cansado\/#respond"]}]},{"@type":"WebPage","@id":"https:\/\/www.prayandfaith.com\/uma-oracao-para-quando-faltam-palavras-e-o-coracao-esta-cansado\/","url":"https:\/\/www.prayandfaith.com\/uma-oracao-para-quando-faltam-palavras-e-o-coracao-esta-cansado\/","name":"A prayer for when words fail and the heart is weary - Prayer and Faith","isPartOf":{"@id":"https:\/\/www.prayandfaith.com\/#website"},"primaryImageOfPage":{"@id":"https:\/\/www.prayandfaith.com\/uma-oracao-para-quando-faltam-palavras-e-o-coracao-esta-cansado\/#primaryimage"},"image":{"@id":"https:\/\/www.prayandfaith.com\/uma-oracao-para-quando-faltam-palavras-e-o-coracao-esta-cansado\/#primaryimage"},"thumbnailUrl":"https:\/\/www.prayandfaith.com\/wp-content\/uploads\/2025\/12\/paz.webp","datePublished":"2025-12-14T17:51:56+00:00","dateModified":"2025-12-14T17:52:00+00:00","breadcrumb":{"@id":"https:\/\/www.prayandfaith.com\/uma-oracao-para-quando-faltam-palavras-e-o-coracao-esta-cansado\/#breadcrumb"},"inLanguage":"en-US","potentialAction":[{"@type":"ReadAction","target":["https:\/\/www.prayandfaith.com\/uma-oracao-para-quando-faltam-palavras-e-o-coracao-esta-cansado\/"]}]},{"@type":"ImageObject","inLanguage":"en-US","@id":"https:\/\/www.prayandfaith.com\/uma-oracao-para-quando-faltam-palavras-e-o-coracao-esta-cansado\/#primaryimage","url":"https:\/\/www.prayandfaith.com\/wp-content\/uploads\/2025\/12\/paz.webp","contentUrl":"https:\/\/www.prayandfaith.com\/wp-content\/uploads\/2025\/12\/paz.webp","width":1792,"height":1024},{"@type":"BreadcrumbList","@id":"https:\/\/www.prayandfaith.com\/uma-oracao-para-quando-faltam-palavras-e-o-coracao-esta-cansado\/#breadcrumb","itemListElement":[{"@type":"ListItem","position":1,"name":"In\u00edcio","item":"https:\/\/www.prayandfaith.com\/"},{"@type":"ListItem","position":2,"name":"Uma ora\u00e7\u00e3o para quando faltam palavras e o cora\u00e7\u00e3o est\u00e1 cansado"}]},{"@type":"WebSite","@id":"https:\/\/www.prayandfaith.com\/#website","url":"https:\/\/www.prayandfaith.com\/","name":"PrayandFaith","description":"The Power of Prayer and Faith","publisher":{"@id":"https:\/\/www.prayandfaith.com\/#organization"},"potentialAction":[{"@type":"SearchAction","target":{"@type":"EntryPoint","urlTemplate":"https:\/\/www.prayandfaith.com\/?s={search_term_string}"},"query-input":{"@type":"PropertyValueSpecification","valueRequired":true,"valueName":"search_term_string"}}],"inLanguage":"en-US"},{"@type":"Organization","@id":"https:\/\/www.prayandfaith.com\/#organization","name":"PrayandFaith","url":"https:\/\/www.prayandfaith.com\/","logo":{"@type":"ImageObject","inLanguage":"en-US","@id":"https:\/\/www.prayandfaith.com\/#\/schema\/logo\/image\/","url":"https:\/\/www.prayandfaith.com\/wp-content\/uploads\/2025\/01\/cropped-pray-and-faith-1.jpg","contentUrl":"https:\/\/www.prayandfaith.com\/wp-content\/uploads\/2025\/01\/cropped-pray-and-faith-1.jpg","width":400,"height":80,"caption":"PrayandFaith"},"image":{"@id":"https:\/\/www.prayandfaith.com\/#\/schema\/logo\/image\/"}},{"@type":"Person","@id":"https:\/\/www.prayandfaith.com\/#\/schema\/person\/a082382ad454f9576c1c5bf62649387c","name":"Ana","image":{"@type":"ImageObject","inLanguage":"en-US","@id":"https:\/\/secure.gravatar.com\/avatar\/f5efa58599e07f8dd92f26c7cfbc442fd115582bc681245452e503c2ef2334f3?s=96&d=mm&r=g","url":"https:\/\/secure.gravatar.com\/avatar\/f5efa58599e07f8dd92f26c7cfbc442fd115582bc681245452e503c2ef2334f3?s=96&d=mm&r=g","contentUrl":"https:\/\/secure.gravatar.com\/avatar\/f5efa58599e07f8dd92f26c7cfbc442fd115582bc681245452e503c2ef2334f3?s=96&d=mm&r=g","caption":"Ana"},"description":"I'm a graduate student in literature, passionate about writing, and today I'm part of the Pray and Faith team creating different types of content to help you raise your faith in the digital universe. Join us and enjoy your reading!","sameAs":["https:\/\/www.prayandfaith.com"],"url":"https:\/\/www.prayandfaith.com\/en\/author\/admin\/"}]}},"_links":{"self":[{"href":"https:\/\/www.prayandfaith.com\/en\/wp-json\/wp\/v2\/posts\/2156","targetHints":{"allow":["GET"]}}],"collection":[{"href":"https:\/\/www.prayandfaith.com\/en\/wp-json\/wp\/v2\/posts"}],"about":[{"href":"https:\/\/www.prayandfaith.com\/en\/wp-json\/wp\/v2\/types\/post"}],"author":[{"embeddable":true,"href":"https:\/\/www.prayandfaith.com\/en\/wp-json\/wp\/v2\/users\/1"}],"replies":[{"embeddable":true,"href":"https:\/\/www.prayandfaith.com\/en\/wp-json\/wp\/v2\/comments?post=2156"}],"version-history":[{"count":1,"href":"https:\/\/www.prayandfaith.com\/en\/wp-json\/wp\/v2\/posts\/2156\/revisions"}],"predecessor-version":[{"id":2158,"href":"https:\/\/www.prayandfaith.com\/en\/wp-json\/wp\/v2\/posts\/2156\/revisions\/2158"}],"wp:featuredmedia":[{"embeddable":true,"href":"https:\/\/www.prayandfaith.com\/en\/wp-json\/wp\/v2\/media\/2157"}],"wp:attachment":[{"href":"https:\/\/www.prayandfaith.com\/en\/wp-json\/wp\/v2\/media?parent=2156"}],"wp:term":[{"taxonomy":"category","embeddable":true,"href":"https:\/\/www.prayandfaith.com\/en\/wp-json\/wp\/v2\/categories?post=2156"},{"taxonomy":"post_tag","embeddable":true,"href":"https:\/\/www.prayandfaith.com\/en\/wp-json\/wp\/v2\/tags?post=2156"}],"curies":[{"name":"wp","href":"https:\/\/api.w.org\/{rel}","templated":true}]}}