{"id":2105,"date":"2026-09-05T09:51:30","date_gmt":"2026-09-05T12:51:30","guid":{"rendered":"https:\/\/www.prayandfaith.com\/?p=2105"},"modified":"2025-12-14T10:06:39","modified_gmt":"2025-12-14T13:06:39","slug":"aprender-a-lidar-com-o-tempo-quando-nem-tudo-acontece-na-velocidade-que-gostariamos","status":"publish","type":"post","link":"https:\/\/www.prayandfaith.com\/en\/aprender-a-lidar-com-o-tempo-quando-nem-tudo-acontece-na-velocidade-que-gostariamos\/","title":{"rendered":"Aprender a Lidar com o Tempo: Quando Nem Tudo Acontece na Velocidade Que Gostar\u00edamos"},"content":{"rendered":"<p class=\"wp-block-paragraph\">Uma das maiores dificuldades da vida adulta \u00e9 aceitar o ritmo das coisas. Criamos prazos internos, expectativas sobre quando algo deveria acontecer e compara\u00e7\u00f5es constantes com trajet\u00f3rias alheias. Quando a vida n\u00e3o acompanha essa velocidade imaginada, surge ansiedade, frustra\u00e7\u00e3o e a sensa\u00e7\u00e3o de estar atrasado. Aprender a lidar com o tempo \u00e9 um processo silencioso, mas essencial para o equil\u00edbrio emocional.<\/p>\n\n\n\n<p class=\"wp-block-paragraph\">Este texto n\u00e3o \u00e9 sobre desistir de sonhos ou se conformar com menos, mas sobre <strong>entender que cada fase tem seu pr\u00f3prio ritmo<\/strong> e que for\u00e7ar processos pode gerar mais desgaste do que progresso.<\/p>\n\n\n\n<h2 class=\"wp-block-heading\">A ilus\u00e3o de controle sobre o tempo<\/h2>\n\n\n\n<p class=\"wp-block-paragraph\">Desde cedo, somos ensinados a planejar etapas da vida: estudar, trabalhar, construir rela\u00e7\u00f5es, alcan\u00e7ar estabilidade. Embora o planejamento seja importante, ele cria a ilus\u00e3o de que o tempo pode ser controlado.<\/p>\n\n\n\n<p class=\"wp-block-paragraph\">A realidade mostra algo diferente. Muitos acontecimentos fogem completamente do nosso cronograma. O tempo segue seu curso independentemente da nossa urg\u00eancia, e resistir a isso costuma gerar sofrimento.<\/p>\n\n\n\n<p class=\"wp-block-paragraph\">Aceitar que nem tudo acontece quando queremos \u00e9 um exerc\u00edcio de maturidade.<\/p>\n\n\n\n<h2 class=\"wp-block-heading\">A ansiedade gerada pela espera<\/h2>\n\n\n\n<p class=\"wp-block-paragraph\">Esperar \u00e9 desconfort\u00e1vel. Quando algo importante n\u00e3o acontece no tempo esperado, a mente come\u00e7a a antecipar cen\u00e1rios negativos. Surgem perguntas constantes: \u201cE se nunca acontecer?\u201d, \u201cSer\u00e1 que fiz algo errado?\u201d, \u201cEstou ficando para tr\u00e1s?\u201d.<\/p>\n\n\n\n<p class=\"wp-block-paragraph\">Essa ansiedade n\u00e3o nasce da espera em si, mas da interpreta\u00e7\u00e3o que fazemos dela. Quando o tempo \u00e9 visto como inimigo, cada dia parece um atraso injusto.<\/p>\n\n\n\n<p class=\"wp-block-paragraph\">Reaprender a esperar ajuda a reduzir esse desgaste interno.<\/p>\n\n\n\n<h2 class=\"wp-block-heading\">A compara\u00e7\u00e3o como inimiga do tempo interno<\/h2>\n\n\n\n<p class=\"wp-block-paragraph\">Um dos maiores sabotadores da rela\u00e7\u00e3o com o tempo \u00e9 a compara\u00e7\u00e3o. Olhar para conquistas alheias e medir a pr\u00f3pria vida com a r\u00e9gua do outro distorce completamente a percep\u00e7\u00e3o.<\/p>\n\n\n\n<p class=\"wp-block-paragraph\">Cada pessoa vive contextos, oportunidades e desafios diferentes. Comparar ritmos gera frustra\u00e7\u00e3o e apaga conquistas reais que j\u00e1 aconteceram.<\/p>\n\n\n\n<p class=\"wp-block-paragraph\">O tempo de cada um n\u00e3o \u00e9 transfer\u00edvel.<\/p>\n\n\n\n<h2 class=\"wp-block-heading\">Quando o tempo parece parado<\/h2>\n\n\n\n<p class=\"wp-block-paragraph\">H\u00e1 fases em que tudo parece estagnado. Nenhum avan\u00e7o vis\u00edvel acontece, e a sensa\u00e7\u00e3o \u00e9 de estar repetindo os mesmos dias. Essas fases costumam ser interpretadas como fracasso ou desperd\u00edcio.<\/p>\n\n\n\n<p class=\"wp-block-paragraph\">No entanto, nem todo crescimento \u00e9 percept\u00edvel externamente. Muitas mudan\u00e7as acontecem internamente, preparando o terreno para passos futuros.<\/p>\n\n\n\n<p class=\"wp-block-paragraph\">O tempo parado, muitas vezes, est\u00e1 trabalhando em sil\u00eancio.<\/p>\n\n\n\n<h2 class=\"wp-block-heading\">A pressa como fonte de decis\u00f5es ruins<\/h2>\n\n\n\n<p class=\"wp-block-paragraph\">A dificuldade de lidar com o tempo leva muitas pessoas a tomarem decis\u00f5es precipitadas. A pressa cria atalhos que nem sempre s\u00e3o saud\u00e1veis, apenas para \u201cn\u00e3o perder tempo\u201d.<\/p>\n\n\n\n<p class=\"wp-block-paragraph\">Essas decis\u00f5es, tomadas sob ansiedade, podem gerar arrependimentos e retrabalho emocional. Respeitar o tempo ajuda a fazer escolhas mais conscientes.<\/p>\n\n\n\n<p class=\"wp-block-paragraph\">Pressa raramente \u00e9 aliada de boas decis\u00f5es.<\/p>\n\n\n\n<h2 class=\"wp-block-heading\">Aprender a confiar no processo<\/h2>\n\n\n\n<p class=\"wp-block-paragraph\">Confiar no processo n\u00e3o significa passividade, mas compreender que nem tudo pode ser acelerado. Algumas coisas exigem matura\u00e7\u00e3o, repeti\u00e7\u00e3o e experi\u00eancia.<\/p>\n\n\n\n<p class=\"wp-block-paragraph\">Essa confian\u00e7a se constr\u00f3i aos poucos, \u00e0 medida que a pessoa reconhece que fases dif\u00edceis tamb\u00e9m passam e que a vida n\u00e3o se resume a um \u00fanico momento.<\/p>\n\n\n\n<p class=\"wp-block-paragraph\">O processo \u00e9 parte do caminho, n\u00e3o um obst\u00e1culo.<\/p>\n\n\n\n<h2 class=\"wp-block-heading\">O impacto do tempo na autoestima<\/h2>\n\n\n\n<p class=\"wp-block-paragraph\">Quando as coisas demoram, a autoestima costuma ser afetada. A pessoa come\u00e7a a duvidar de suas capacidades e escolhas, acreditando que est\u00e1 falhando.<\/p>\n\n\n\n<p class=\"wp-block-paragraph\">Separar tempo de valor pessoal \u00e9 essencial. O fato de algo n\u00e3o acontecer agora n\u00e3o diminui quem voc\u00ea \u00e9.<\/p>\n\n\n\n<p class=\"wp-block-paragraph\">O tempo n\u00e3o define o seu valor.<\/p>\n\n\n\n<h2 class=\"wp-block-heading\">Ajustando expectativas ao longo do caminho<\/h2>\n\n\n\n<p class=\"wp-block-paragraph\">Com o amadurecimento, surge a necessidade de ajustar expectativas. Isso n\u00e3o significa abandonar sonhos, mas recalibrar prazos e formas de alcan\u00e7\u00e1-los.<\/p>\n\n\n\n<p class=\"wp-block-paragraph\">Ajustar expectativas reduz frustra\u00e7\u00e3o e permite apreciar avan\u00e7os menores, mas significativos.<\/p>\n\n\n\n<p class=\"wp-block-paragraph\">Flexibilidade emocional melhora a rela\u00e7\u00e3o com o tempo.<\/p>\n\n\n\n<h2 class=\"wp-block-heading\">Quando o tempo ensina paci\u00eancia<\/h2>\n\n\n\n<p class=\"wp-block-paragraph\">A paci\u00eancia n\u00e3o nasce pronta. Ela \u00e9 aprendida na espera, na frustra\u00e7\u00e3o e na repeti\u00e7\u00e3o. O tempo ensina paci\u00eancia justamente quando n\u00e3o atende \u00e0s nossas urg\u00eancias.<\/p>\n\n\n\n<p class=\"wp-block-paragraph\">Esse aprendizado \u00e9 desconfort\u00e1vel, mas necess\u00e1rio para lidar melhor com a imprevisibilidade da vida.<\/p>\n\n\n\n<p class=\"wp-block-paragraph\">Paci\u00eancia \u00e9 constru\u00edda, n\u00e3o escolhida.<\/p>\n\n\n\n<h2 class=\"wp-block-heading\">O perigo de viver sempre no futuro<\/h2>\n\n\n\n<p class=\"wp-block-paragraph\">Viver esperando pelo \u201cquando acontecer\u201d pode roubar a presen\u00e7a do agora. A vida passa enquanto se espera por algo que ainda n\u00e3o chegou.<\/p>\n\n\n\n<p class=\"wp-block-paragraph\">Equilibrar planos futuros com presen\u00e7a no presente ajuda a reduzir ansiedade e a perceber valor no que j\u00e1 existe.<\/p>\n\n\n\n<p class=\"wp-block-paragraph\">O futuro n\u00e3o substitui o presente.<\/p>\n\n\n\n<h2 class=\"wp-block-heading\">Time as an ally, not as an enemy.<\/h2>\n\n\n\n<p class=\"wp-block-paragraph\">Mudar a rela\u00e7\u00e3o com o tempo exige mudan\u00e7a de perspectiva. Em vez de v\u00ea-lo como algo que atrasa, \u00e9 poss\u00edvel enxerg\u00e1-lo como um aliado que organiza experi\u00eancias e amadurece escolhas.<\/p>\n\n\n\n<p class=\"wp-block-paragraph\">O tempo filtra, ensina e fortalece, mesmo quando parece lento demais.<\/p>\n\n\n\n<p class=\"wp-block-paragraph\">Fazer as pazes com o tempo \u00e9 libertador.<\/p>\n\n\n\n<h2 class=\"wp-block-heading\">Pequenos avan\u00e7os tamb\u00e9m contam<\/h2>\n\n\n\n<p class=\"wp-block-paragraph\">Nem todo avan\u00e7o \u00e9 vis\u00edvel ou grandioso. Pequenos passos, ajustes internos e aprendizados silenciosos fazem parte do progresso.<\/p>\n\n\n\n<p class=\"wp-block-paragraph\">Reconhecer esses avan\u00e7os ajuda a diminuir a sensa\u00e7\u00e3o de estagna\u00e7\u00e3o e refor\u00e7a a confian\u00e7a no caminho.<\/p>\n\n\n\n<p class=\"wp-block-paragraph\">Progresso n\u00e3o precisa ser r\u00e1pido para ser real.<\/p>\n\n\n\n<h2 class=\"wp-block-heading\">Conclusion<\/h2>\n\n\n\n<p class=\"wp-block-paragraph\">Aprender a lidar com o tempo \u00e9 um dos maiores desafios emocionais da vida. Nem tudo acontece na velocidade que gostar\u00edamos, e resistir a isso gera sofrimento desnecess\u00e1rio.<\/p>\n\n\n\n<p class=\"wp-block-paragraph\">Aceitar o ritmo das coisas, ajustar expectativas e confiar no processo ajuda a construir uma rela\u00e7\u00e3o mais saud\u00e1vel com a pr\u00f3pria trajet\u00f3ria. Na categoria <strong>Things in Life<\/strong>, este artigo existe para lembrar que o tempo n\u00e3o est\u00e1 contra voc\u00ea \u2014 ele est\u00e1 trabalhando, mesmo quando voc\u00ea n\u00e3o v\u00ea.<\/p>","protected":false},"excerpt":{"rendered":"<p>Uma das maiores dificuldades da vida adulta \u00e9 aceitar o ritmo das coisas. Criamos prazos internos, expectativas sobre quando algo deveria acontecer e compara\u00e7\u00f5es constantes com trajet\u00f3rias alheias. Quando a vida n\u00e3o acompanha essa velocidade imaginada, surge ansiedade, frustra\u00e7\u00e3o e a sensa\u00e7\u00e3o de estar atrasado. Aprender a lidar com o tempo \u00e9 um processo silencioso,&hellip;&nbsp;<\/p>","protected":false},"author":1,"featured_media":2106,"comment_status":"open","ping_status":"open","sticky":false,"template":"","format":"standard","meta":{"neve_meta_sidebar":"","neve_meta_container":"","neve_meta_enable_content_width":"","neve_meta_content_width":0,"neve_meta_title_alignment":"","neve_meta_author_avatar":"","neve_post_elements_order":"","neve_meta_disable_header":"","neve_meta_disable_footer":"","neve_meta_disable_title":"","footnotes":""},"categories":[5],"tags":[],"class_list":["post-2105","post","type-post","status-publish","format-standard","has-post-thumbnail","hentry","category-coisas-vida"],"yoast_head":"<!-- This site is optimized with the Yoast SEO plugin v28.4 - https:\/\/yoast.com\/product\/yoast-seo-wordpress\/ -->\n<title>Aprender a Lidar com o Tempo: Quando Nem Tudo Acontece na Velocidade Que Gostar\u00edamos - Ora\u00e7\u00e3o e F\u00e9<\/title>\n<meta name=\"robots\" content=\"index, follow, max-snippet:-1, max-image-preview:large, max-video-preview:-1\" \/>\n<link rel=\"canonical\" href=\"https:\/\/www.prayandfaith.com\/en\/aprender-a-lidar-com-o-tempo-quando-nem-tudo-acontece-na-velocidade-que-gostariamos\/\" \/>\n<meta property=\"og:locale\" content=\"en_US\" \/>\n<meta property=\"og:type\" content=\"article\" \/>\n<meta property=\"og:title\" content=\"Aprender a Lidar com o Tempo: Quando Nem Tudo Acontece na Velocidade Que Gostar\u00edamos - Ora\u00e7\u00e3o e F\u00e9\" \/>\n<meta property=\"og:description\" content=\"Uma das maiores dificuldades da vida adulta \u00e9 aceitar o ritmo das coisas. Criamos prazos internos, expectativas sobre quando algo deveria acontecer e compara\u00e7\u00f5es constantes com trajet\u00f3rias alheias. Quando a vida n\u00e3o acompanha essa velocidade imaginada, surge ansiedade, frustra\u00e7\u00e3o e a sensa\u00e7\u00e3o de estar atrasado. Aprender a lidar com o tempo \u00e9 um processo silencioso,&hellip;&nbsp;\" \/>\n<meta property=\"og:url\" content=\"https:\/\/www.prayandfaith.com\/en\/aprender-a-lidar-com-o-tempo-quando-nem-tudo-acontece-na-velocidade-que-gostariamos\/\" \/>\n<meta property=\"og:site_name\" content=\"Ora\u00e7\u00e3o e F\u00e9\" \/>\n<meta property=\"article:published_time\" content=\"2026-09-05T12:51:30+00:00\" \/>\n<meta property=\"og:image\" content=\"https:\/\/www.prayandfaith.com\/wp-content\/uploads\/2025\/12\/tempo.webp\" \/>\n\t<meta property=\"og:image:width\" content=\"1792\" \/>\n\t<meta property=\"og:image:height\" content=\"1024\" \/>\n\t<meta property=\"og:image:type\" content=\"image\/webp\" \/>\n<meta name=\"author\" content=\"Ana\" \/>\n<meta name=\"twitter:card\" content=\"summary_large_image\" \/>\n<meta name=\"twitter:label1\" content=\"Written by\" \/>\n\t<meta name=\"twitter:data1\" content=\"Ana\" \/>\n\t<meta name=\"twitter:label2\" content=\"Est. reading time\" \/>\n\t<meta name=\"twitter:data2\" content=\"5 minutes\" \/>\n<script type=\"application\/ld+json\" class=\"yoast-schema-graph\">{\"@context\":\"https:\\\/\\\/schema.org\",\"@graph\":[{\"@type\":\"Article\",\"@id\":\"https:\\\/\\\/www.prayandfaith.com\\\/aprender-a-lidar-com-o-tempo-quando-nem-tudo-acontece-na-velocidade-que-gostariamos\\\/#article\",\"isPartOf\":{\"@id\":\"https:\\\/\\\/www.prayandfaith.com\\\/aprender-a-lidar-com-o-tempo-quando-nem-tudo-acontece-na-velocidade-que-gostariamos\\\/\"},\"author\":{\"name\":\"Ana\",\"@id\":\"https:\\\/\\\/www.prayandfaith.com\\\/#\\\/schema\\\/person\\\/a082382ad454f9576c1c5bf62649387c\"},\"headline\":\"Aprender a Lidar com o Tempo: Quando Nem Tudo Acontece na Velocidade Que Gostar\u00edamos\",\"datePublished\":\"2026-09-05T12:51:30+00:00\",\"mainEntityOfPage\":{\"@id\":\"https:\\\/\\\/www.prayandfaith.com\\\/aprender-a-lidar-com-o-tempo-quando-nem-tudo-acontece-na-velocidade-que-gostariamos\\\/\"},\"wordCount\":985,\"commentCount\":0,\"publisher\":{\"@id\":\"https:\\\/\\\/www.prayandfaith.com\\\/#organization\"},\"image\":{\"@id\":\"https:\\\/\\\/www.prayandfaith.com\\\/aprender-a-lidar-com-o-tempo-quando-nem-tudo-acontece-na-velocidade-que-gostariamos\\\/#primaryimage\"},\"thumbnailUrl\":\"https:\\\/\\\/www.prayandfaith.com\\\/wp-content\\\/uploads\\\/2025\\\/12\\\/tempo.webp\",\"articleSection\":[\"Coisas da Vida\"],\"inLanguage\":\"en-US\",\"potentialAction\":[{\"@type\":\"CommentAction\",\"name\":\"Comment\",\"target\":[\"https:\\\/\\\/www.prayandfaith.com\\\/aprender-a-lidar-com-o-tempo-quando-nem-tudo-acontece-na-velocidade-que-gostariamos\\\/#respond\"]}]},{\"@type\":\"WebPage\",\"@id\":\"https:\\\/\\\/www.prayandfaith.com\\\/aprender-a-lidar-com-o-tempo-quando-nem-tudo-acontece-na-velocidade-que-gostariamos\\\/\",\"url\":\"https:\\\/\\\/www.prayandfaith.com\\\/aprender-a-lidar-com-o-tempo-quando-nem-tudo-acontece-na-velocidade-que-gostariamos\\\/\",\"name\":\"Aprender a Lidar com o Tempo: Quando Nem Tudo Acontece na Velocidade Que Gostar\u00edamos - Ora\u00e7\u00e3o e F\u00e9\",\"isPartOf\":{\"@id\":\"https:\\\/\\\/www.prayandfaith.com\\\/#website\"},\"primaryImageOfPage\":{\"@id\":\"https:\\\/\\\/www.prayandfaith.com\\\/aprender-a-lidar-com-o-tempo-quando-nem-tudo-acontece-na-velocidade-que-gostariamos\\\/#primaryimage\"},\"image\":{\"@id\":\"https:\\\/\\\/www.prayandfaith.com\\\/aprender-a-lidar-com-o-tempo-quando-nem-tudo-acontece-na-velocidade-que-gostariamos\\\/#primaryimage\"},\"thumbnailUrl\":\"https:\\\/\\\/www.prayandfaith.com\\\/wp-content\\\/uploads\\\/2025\\\/12\\\/tempo.webp\",\"datePublished\":\"2026-09-05T12:51:30+00:00\",\"breadcrumb\":{\"@id\":\"https:\\\/\\\/www.prayandfaith.com\\\/aprender-a-lidar-com-o-tempo-quando-nem-tudo-acontece-na-velocidade-que-gostariamos\\\/#breadcrumb\"},\"inLanguage\":\"en-US\",\"potentialAction\":[{\"@type\":\"ReadAction\",\"target\":[\"https:\\\/\\\/www.prayandfaith.com\\\/aprender-a-lidar-com-o-tempo-quando-nem-tudo-acontece-na-velocidade-que-gostariamos\\\/\"]}]},{\"@type\":\"ImageObject\",\"inLanguage\":\"en-US\",\"@id\":\"https:\\\/\\\/www.prayandfaith.com\\\/aprender-a-lidar-com-o-tempo-quando-nem-tudo-acontece-na-velocidade-que-gostariamos\\\/#primaryimage\",\"url\":\"https:\\\/\\\/www.prayandfaith.com\\\/wp-content\\\/uploads\\\/2025\\\/12\\\/tempo.webp\",\"contentUrl\":\"https:\\\/\\\/www.prayandfaith.com\\\/wp-content\\\/uploads\\\/2025\\\/12\\\/tempo.webp\",\"width\":1792,\"height\":1024},{\"@type\":\"BreadcrumbList\",\"@id\":\"https:\\\/\\\/www.prayandfaith.com\\\/aprender-a-lidar-com-o-tempo-quando-nem-tudo-acontece-na-velocidade-que-gostariamos\\\/#breadcrumb\",\"itemListElement\":[{\"@type\":\"ListItem\",\"position\":1,\"name\":\"In\u00edcio\",\"item\":\"https:\\\/\\\/www.prayandfaith.com\\\/\"},{\"@type\":\"ListItem\",\"position\":2,\"name\":\"Aprender a Lidar com o Tempo: Quando Nem Tudo Acontece na Velocidade Que Gostar\u00edamos\"}]},{\"@type\":\"WebSite\",\"@id\":\"https:\\\/\\\/www.prayandfaith.com\\\/#website\",\"url\":\"https:\\\/\\\/www.prayandfaith.com\\\/\",\"name\":\"PrayandFaith\",\"description\":\"O poder da Ora\u00e7\u00e3o e da F\u00e9\",\"publisher\":{\"@id\":\"https:\\\/\\\/www.prayandfaith.com\\\/#organization\"},\"potentialAction\":[{\"@type\":\"SearchAction\",\"target\":{\"@type\":\"EntryPoint\",\"urlTemplate\":\"https:\\\/\\\/www.prayandfaith.com\\\/?s={search_term_string}\"},\"query-input\":{\"@type\":\"PropertyValueSpecification\",\"valueRequired\":true,\"valueName\":\"search_term_string\"}}],\"inLanguage\":\"en-US\"},{\"@type\":\"Organization\",\"@id\":\"https:\\\/\\\/www.prayandfaith.com\\\/#organization\",\"name\":\"PrayandFaith\",\"url\":\"https:\\\/\\\/www.prayandfaith.com\\\/\",\"logo\":{\"@type\":\"ImageObject\",\"inLanguage\":\"en-US\",\"@id\":\"https:\\\/\\\/www.prayandfaith.com\\\/#\\\/schema\\\/logo\\\/image\\\/\",\"url\":\"https:\\\/\\\/www.prayandfaith.com\\\/wp-content\\\/uploads\\\/2025\\\/01\\\/cropped-pray-and-faith-1.jpg\",\"contentUrl\":\"https:\\\/\\\/www.prayandfaith.com\\\/wp-content\\\/uploads\\\/2025\\\/01\\\/cropped-pray-and-faith-1.jpg\",\"width\":400,\"height\":80,\"caption\":\"PrayandFaith\"},\"image\":{\"@id\":\"https:\\\/\\\/www.prayandfaith.com\\\/#\\\/schema\\\/logo\\\/image\\\/\"}},{\"@type\":\"Person\",\"@id\":\"https:\\\/\\\/www.prayandfaith.com\\\/#\\\/schema\\\/person\\\/a082382ad454f9576c1c5bf62649387c\",\"name\":\"Ana\",\"image\":{\"@type\":\"ImageObject\",\"inLanguage\":\"en-US\",\"@id\":\"https:\\\/\\\/secure.gravatar.com\\\/avatar\\\/f5efa58599e07f8dd92f26c7cfbc442fd115582bc681245452e503c2ef2334f3?s=96&d=mm&r=g\",\"url\":\"https:\\\/\\\/secure.gravatar.com\\\/avatar\\\/f5efa58599e07f8dd92f26c7cfbc442fd115582bc681245452e503c2ef2334f3?s=96&d=mm&r=g\",\"contentUrl\":\"https:\\\/\\\/secure.gravatar.com\\\/avatar\\\/f5efa58599e07f8dd92f26c7cfbc442fd115582bc681245452e503c2ef2334f3?s=96&d=mm&r=g\",\"caption\":\"Ana\"},\"description\":\"Sou estudante de p\u00f3s-gradua\u00e7\u00e3o em Literatura e apaixonada pela escrita e pela comunica\u00e7\u00e3o digital. Atualmente, fa\u00e7o parte da equipe do Pray and Faith, onde produzo conte\u00fados inspiradores voltados para f\u00e9, reflex\u00e3o, espiritualidade e crescimento pessoal no universo digital. Meu objetivo \u00e9 criar textos acolhedores, edificantes e informativos, levando mensagens de esperan\u00e7a, motiva\u00e7\u00e3o e fortalecimento espiritual para leitores de diferentes partes do mundo. Todos os conte\u00fados s\u00e3o desenvolvidos com dedica\u00e7\u00e3o, responsabilidade e compromisso com informa\u00e7\u00f5es relevantes e inspiradoras, sempre buscando proporcionar uma experi\u00eancia positiva e enriquecedora aos leitores. Junte-se a n\u00f3s e aproveite sua leitura!\",\"sameAs\":[\"https:\\\/\\\/www.prayandfaith.com\"],\"url\":\"https:\\\/\\\/www.prayandfaith.com\\\/en\\\/author\\\/admin\\\/\"}]}<\/script>\n<!-- \/ Yoast SEO plugin. -->","yoast_head_json":{"title":"Aprender a Lidar com o Tempo: Quando Nem Tudo Acontece na Velocidade Que Gostar\u00edamos - Ora\u00e7\u00e3o e F\u00e9","robots":{"index":"index","follow":"follow","max-snippet":"max-snippet:-1","max-image-preview":"max-image-preview:large","max-video-preview":"max-video-preview:-1"},"canonical":"https:\/\/www.prayandfaith.com\/en\/aprender-a-lidar-com-o-tempo-quando-nem-tudo-acontece-na-velocidade-que-gostariamos\/","og_locale":"en_US","og_type":"article","og_title":"Aprender a Lidar com o Tempo: Quando Nem Tudo Acontece na Velocidade Que Gostar\u00edamos - Ora\u00e7\u00e3o e F\u00e9","og_description":"Uma das maiores dificuldades da vida adulta \u00e9 aceitar o ritmo das coisas. Criamos prazos internos, expectativas sobre quando algo deveria acontecer e compara\u00e7\u00f5es constantes com trajet\u00f3rias alheias. Quando a vida n\u00e3o acompanha essa velocidade imaginada, surge ansiedade, frustra\u00e7\u00e3o e a sensa\u00e7\u00e3o de estar atrasado. Aprender a lidar com o tempo \u00e9 um processo silencioso,&hellip;&nbsp;","og_url":"https:\/\/www.prayandfaith.com\/en\/aprender-a-lidar-com-o-tempo-quando-nem-tudo-acontece-na-velocidade-que-gostariamos\/","og_site_name":"Ora\u00e7\u00e3o e F\u00e9","article_published_time":"2026-09-05T12:51:30+00:00","og_image":[{"width":1792,"height":1024,"url":"https:\/\/www.prayandfaith.com\/wp-content\/uploads\/2025\/12\/tempo.webp","type":"image\/webp"}],"author":"Ana","twitter_card":"summary_large_image","twitter_misc":{"Written by":"Ana","Est. reading time":"5 minutes"},"schema":{"@context":"https:\/\/schema.org","@graph":[{"@type":"Article","@id":"https:\/\/www.prayandfaith.com\/aprender-a-lidar-com-o-tempo-quando-nem-tudo-acontece-na-velocidade-que-gostariamos\/#article","isPartOf":{"@id":"https:\/\/www.prayandfaith.com\/aprender-a-lidar-com-o-tempo-quando-nem-tudo-acontece-na-velocidade-que-gostariamos\/"},"author":{"name":"Ana","@id":"https:\/\/www.prayandfaith.com\/#\/schema\/person\/a082382ad454f9576c1c5bf62649387c"},"headline":"Aprender a Lidar com o Tempo: Quando Nem Tudo Acontece na Velocidade Que Gostar\u00edamos","datePublished":"2026-09-05T12:51:30+00:00","mainEntityOfPage":{"@id":"https:\/\/www.prayandfaith.com\/aprender-a-lidar-com-o-tempo-quando-nem-tudo-acontece-na-velocidade-que-gostariamos\/"},"wordCount":985,"commentCount":0,"publisher":{"@id":"https:\/\/www.prayandfaith.com\/#organization"},"image":{"@id":"https:\/\/www.prayandfaith.com\/aprender-a-lidar-com-o-tempo-quando-nem-tudo-acontece-na-velocidade-que-gostariamos\/#primaryimage"},"thumbnailUrl":"https:\/\/www.prayandfaith.com\/wp-content\/uploads\/2025\/12\/tempo.webp","articleSection":["Coisas da Vida"],"inLanguage":"en-US","potentialAction":[{"@type":"CommentAction","name":"Comment","target":["https:\/\/www.prayandfaith.com\/aprender-a-lidar-com-o-tempo-quando-nem-tudo-acontece-na-velocidade-que-gostariamos\/#respond"]}]},{"@type":"WebPage","@id":"https:\/\/www.prayandfaith.com\/aprender-a-lidar-com-o-tempo-quando-nem-tudo-acontece-na-velocidade-que-gostariamos\/","url":"https:\/\/www.prayandfaith.com\/aprender-a-lidar-com-o-tempo-quando-nem-tudo-acontece-na-velocidade-que-gostariamos\/","name":"Aprender a Lidar com o Tempo: Quando Nem Tudo Acontece na Velocidade Que Gostar\u00edamos - Ora\u00e7\u00e3o e F\u00e9","isPartOf":{"@id":"https:\/\/www.prayandfaith.com\/#website"},"primaryImageOfPage":{"@id":"https:\/\/www.prayandfaith.com\/aprender-a-lidar-com-o-tempo-quando-nem-tudo-acontece-na-velocidade-que-gostariamos\/#primaryimage"},"image":{"@id":"https:\/\/www.prayandfaith.com\/aprender-a-lidar-com-o-tempo-quando-nem-tudo-acontece-na-velocidade-que-gostariamos\/#primaryimage"},"thumbnailUrl":"https:\/\/www.prayandfaith.com\/wp-content\/uploads\/2025\/12\/tempo.webp","datePublished":"2026-09-05T12:51:30+00:00","breadcrumb":{"@id":"https:\/\/www.prayandfaith.com\/aprender-a-lidar-com-o-tempo-quando-nem-tudo-acontece-na-velocidade-que-gostariamos\/#breadcrumb"},"inLanguage":"en-US","potentialAction":[{"@type":"ReadAction","target":["https:\/\/www.prayandfaith.com\/aprender-a-lidar-com-o-tempo-quando-nem-tudo-acontece-na-velocidade-que-gostariamos\/"]}]},{"@type":"ImageObject","inLanguage":"en-US","@id":"https:\/\/www.prayandfaith.com\/aprender-a-lidar-com-o-tempo-quando-nem-tudo-acontece-na-velocidade-que-gostariamos\/#primaryimage","url":"https:\/\/www.prayandfaith.com\/wp-content\/uploads\/2025\/12\/tempo.webp","contentUrl":"https:\/\/www.prayandfaith.com\/wp-content\/uploads\/2025\/12\/tempo.webp","width":1792,"height":1024},{"@type":"BreadcrumbList","@id":"https:\/\/www.prayandfaith.com\/aprender-a-lidar-com-o-tempo-quando-nem-tudo-acontece-na-velocidade-que-gostariamos\/#breadcrumb","itemListElement":[{"@type":"ListItem","position":1,"name":"In\u00edcio","item":"https:\/\/www.prayandfaith.com\/"},{"@type":"ListItem","position":2,"name":"Aprender a Lidar com o Tempo: Quando Nem Tudo Acontece na Velocidade Que Gostar\u00edamos"}]},{"@type":"WebSite","@id":"https:\/\/www.prayandfaith.com\/#website","url":"https:\/\/www.prayandfaith.com\/","name":"PrayandFaith","description":"The Power of Prayer and Faith","publisher":{"@id":"https:\/\/www.prayandfaith.com\/#organization"},"potentialAction":[{"@type":"SearchAction","target":{"@type":"EntryPoint","urlTemplate":"https:\/\/www.prayandfaith.com\/?s={search_term_string}"},"query-input":{"@type":"PropertyValueSpecification","valueRequired":true,"valueName":"search_term_string"}}],"inLanguage":"en-US"},{"@type":"Organization","@id":"https:\/\/www.prayandfaith.com\/#organization","name":"PrayandFaith","url":"https:\/\/www.prayandfaith.com\/","logo":{"@type":"ImageObject","inLanguage":"en-US","@id":"https:\/\/www.prayandfaith.com\/#\/schema\/logo\/image\/","url":"https:\/\/www.prayandfaith.com\/wp-content\/uploads\/2025\/01\/cropped-pray-and-faith-1.jpg","contentUrl":"https:\/\/www.prayandfaith.com\/wp-content\/uploads\/2025\/01\/cropped-pray-and-faith-1.jpg","width":400,"height":80,"caption":"PrayandFaith"},"image":{"@id":"https:\/\/www.prayandfaith.com\/#\/schema\/logo\/image\/"}},{"@type":"Person","@id":"https:\/\/www.prayandfaith.com\/#\/schema\/person\/a082382ad454f9576c1c5bf62649387c","name":"Ana","image":{"@type":"ImageObject","inLanguage":"en-US","@id":"https:\/\/secure.gravatar.com\/avatar\/f5efa58599e07f8dd92f26c7cfbc442fd115582bc681245452e503c2ef2334f3?s=96&d=mm&r=g","url":"https:\/\/secure.gravatar.com\/avatar\/f5efa58599e07f8dd92f26c7cfbc442fd115582bc681245452e503c2ef2334f3?s=96&d=mm&r=g","contentUrl":"https:\/\/secure.gravatar.com\/avatar\/f5efa58599e07f8dd92f26c7cfbc442fd115582bc681245452e503c2ef2334f3?s=96&d=mm&r=g","caption":"Ana"},"description":"I am a graduate student in Literature and passionate about writing and digital communication. Currently, I am part of the Pray and Faith team, where I produce inspiring content focused on faith, reflection, spirituality, and personal growth in the digital world. My goal is to create welcoming, uplifting, and informative texts, bringing messages of hope, motivation, and spiritual strengthening to readers from different parts of the world. All content is developed with dedication, responsibility, and commitment to relevant and inspiring information, always seeking to provide a positive and enriching experience for readers. Join us and enjoy your reading!","sameAs":["https:\/\/www.prayandfaith.com"],"url":"https:\/\/www.prayandfaith.com\/en\/author\/admin\/"}]}},"_links":{"self":[{"href":"https:\/\/www.prayandfaith.com\/en\/wp-json\/wp\/v2\/posts\/2105","targetHints":{"allow":["GET"]}}],"collection":[{"href":"https:\/\/www.prayandfaith.com\/en\/wp-json\/wp\/v2\/posts"}],"about":[{"href":"https:\/\/www.prayandfaith.com\/en\/wp-json\/wp\/v2\/types\/post"}],"author":[{"embeddable":true,"href":"https:\/\/www.prayandfaith.com\/en\/wp-json\/wp\/v2\/users\/1"}],"replies":[{"embeddable":true,"href":"https:\/\/www.prayandfaith.com\/en\/wp-json\/wp\/v2\/comments?post=2105"}],"version-history":[{"count":1,"href":"https:\/\/www.prayandfaith.com\/en\/wp-json\/wp\/v2\/posts\/2105\/revisions"}],"predecessor-version":[{"id":2107,"href":"https:\/\/www.prayandfaith.com\/en\/wp-json\/wp\/v2\/posts\/2105\/revisions\/2107"}],"wp:featuredmedia":[{"embeddable":true,"href":"https:\/\/www.prayandfaith.com\/en\/wp-json\/wp\/v2\/media\/2106"}],"wp:attachment":[{"href":"https:\/\/www.prayandfaith.com\/en\/wp-json\/wp\/v2\/media?parent=2105"}],"wp:term":[{"taxonomy":"category","embeddable":true,"href":"https:\/\/www.prayandfaith.com\/en\/wp-json\/wp\/v2\/categories?post=2105"},{"taxonomy":"post_tag","embeddable":true,"href":"https:\/\/www.prayandfaith.com\/en\/wp-json\/wp\/v2\/tags?post=2105"}],"curies":[{"name":"wp","href":"https:\/\/api.w.org\/{rel}","templated":true}]}}